{"id":44603,"date":"2025-02-14T17:11:58","date_gmt":"2025-02-14T16:11:58","guid":{"rendered":"https:\/\/stage2.convotis.com\/es\/?p=44603"},"modified":"2025-08-14T17:13:18","modified_gmt":"2025-08-14T15:13:18","slug":"convotis-da-una-calurosa-bienvenida-al-grupo-a-swiss-cloud-computing-ag","status":"publish","type":"post","link":"https:\/\/www.convotis.com\/es\/news\/convotis-da-una-calurosa-bienvenida-al-grupo-a-swiss-cloud-computing-ag\/","title":{"rendered":"CONVOTIS da una calurosa bienvenida al grupo a Swiss Cloud Computing  ag."},"content":{"rendered":"<h2>CONVOTIS refuerza su posici\u00f3n en el mercado suizo con la reciente adquisici\u00f3n de swiss cloud computing ag, proveedor l\u00edder de servicios en la nube especializado en peque\u00f1as y medianas empresas, vendedores independientes de software y revendedores de TIC.<\/h2>\n<p>Al integrar swiss cloud computing ag en nuestra cartera, ampliamos y profundizamos espec\u00edficamente nuestra gama de servicios en la nube. Esta expansi\u00f3n estrat\u00e9gica nos permite ofrecer una gama completa de soluciones en la nube personalizadas y altamente seguras, adaptadas espec\u00edficamente a las necesidades de nuestros clientes. La sede de swiss cloud computing ag en Z\u00farich tambi\u00e9n refuerza significativamente nuestra oferta de servicios en Suiza. Este posicionamiento geogr\u00e1fico y estrat\u00e9gico refuerza nuestra influencia en el \u00e1mbito de los servicios en la nube y subraya nuestro compromiso de apoyar activamente la transformaci\u00f3n digital y el crecimiento de nuestros clientes.<\/p>\n<h2>Acerca de swiss cloud computing ag:<\/h2>\n<p>Desde su fundaci\u00f3n en 2013, swiss cloud computing ag, con sede en Z\u00farich, se ha consolidado como uno de los principales proveedores suizos de servicios en la nube, especializado en la prestaci\u00f3n de servicios automatizados en la nube para pymes, proveedores de software independientes y revendedores TIC. Gracias a su impresionante crecimiento en los dos \u00faltimos a\u00f1os, Swiss Cloud Computing AG ha podido duplicar su n\u00famero de usuarios hasta unos 20.000 para el a\u00f1o 2022 y ha aumentado esta cifra a m\u00e1s de 30.000 clientes para finales de 2023, incluidas m\u00e1s de 5.000 pymes. Adem\u00e1s, se han integrado con \u00e9xito m\u00e1s de 150 soluciones de software. El enfoque de Swiss Cloud Computing AG se centra en IaaS (infraestructura como servicio), servicios de copia de seguridad y almacenamiento, as\u00ed como aplicaciones y escritorios virtuales (DaaS), simplificando y haciendo m\u00e1s eficientes las operaciones empresariales de sus clientes.<\/p>\n<blockquote><p>&#8220;Con la adquisici\u00f3n de swiss cloud computing, no s\u00f3lo ampliamos nuestra gama de servicios en la nube, sino que tambi\u00e9n reforzamos significativamente nuestra posici\u00f3n en Suiza. Este paso forma parte de nuestra estrategia continua de expansi\u00f3n y consolida nuestro papel como actor clave en la regi\u00f3n DACH.&#8221;<\/p>\n<p>(Manuel Ebner y Andreas Kiefer, Directores Generales de CONVOTIS)<\/p><\/blockquote>\n","protected":false},"excerpt":{"rendered":"<p>CONVOTIS refuerza su posici\u00f3n en el mercado suizo con la reciente adquisici\u00f3n de swiss cloud computing ag, proveedor l\u00edder de servicios en la nube especializado en peque\u00f1as y medianas empresas, vendedores independientes de software y revendedores de TIC. Al integrar swiss cloud computing ag en nuestra cartera, ampliamos y profundizamos espec\u00edficamente nuestra gama de servicios [&hellip;]<\/p>\n","protected":false},"author":15,"featured_media":29096,"comment_status":"closed","ping_status":"closed","sticky":false,"template":"","format":"standard","meta":{"_acf_changed":false,"content-type":"","footnotes":""},"categories":[982],"tags":[],"class_list":["post-44603","post","type-post","status-publish","format-standard","has-post-thumbnail","hentry","category-about-convotis-es"],"acf":[],"yoast_head":"<!-- This site is optimized with the Yoast SEO Premium plugin v27.4 (Yoast SEO v27.4) - https:\/\/yoast.com\/product\/yoast-seo-premium-wordpress\/ -->\n<title>CONVOTIS da la bienvenida a Swiss Cloud Computing AG.<\/title>\n<meta name=\"description\" content=\"CONVOTIS se expande en Suiza con Swiss Cloud Computing AG, mejorando nuestras soluciones en la nube para pymes y proveedores de software.\" \/>\n<meta name=\"robots\" content=\"index, follow, max-snippet:-1, max-image-preview:large, max-video-preview:-1\" \/>\n<link rel=\"canonical\" href=\"https:\/\/www.convotis.com\/es\/news\/convotis-da-una-calurosa-bienvenida-al-grupo-a-swiss-cloud-computing-ag\/\" \/>\n<meta property=\"og:locale\" content=\"en_US\" \/>\n<meta property=\"og:type\" content=\"article\" \/>\n<meta property=\"og:title\" content=\"CONVOTIS da la bienvenida a Swiss Cloud Computing AG.\" \/>\n<meta property=\"og:description\" content=\"CONVOTIS se expande en Suiza con Swiss Cloud Computing AG, mejorando nuestras soluciones en la nube para pymes y proveedores de software.\" \/>\n<meta property=\"og:url\" content=\"https:\/\/www.convotis.com\/es\/news\/convotis-da-una-calurosa-bienvenida-al-grupo-a-swiss-cloud-computing-ag\/\" \/>\n<meta property=\"og:site_name\" content=\"CONVOTIS Iberia\" \/>\n<meta property=\"article:published_time\" content=\"2025-02-14T16:11:58+00:00\" \/>\n<meta property=\"article:modified_time\" content=\"2025-08-14T15:13:18+00:00\" \/>\n<meta property=\"og:image\" content=\"https:\/\/www.convotis.com\/es\/wp-content\/uploads\/sites\/3\/2024\/06\/Swiss-cloud-computing-ag-ist-Teil-der-CONVOTIS-Gruppe.png\" \/>\n\t<meta property=\"og:image:width\" content=\"1090\" \/>\n\t<meta property=\"og:image:height\" content=\"670\" \/>\n\t<meta property=\"og:image:type\" content=\"image\/png\" \/>\n<meta name=\"author\" content=\"nicolasarnedo\" \/>\n<meta name=\"twitter:card\" content=\"summary_large_image\" \/>\n<meta name=\"twitter:label1\" content=\"Written by\" \/>\n\t<meta name=\"twitter:data1\" content=\"nicolasarnedo\" \/>\n\t<meta name=\"twitter:label2\" content=\"Est. reading time\" \/>\n\t<meta name=\"twitter:data2\" content=\"2 minutes\" \/>\n<script type=\"application\/ld+json\" class=\"yoast-schema-graph\">{\"@context\":\"https:\\\/\\\/schema.org\",\"@graph\":[{\"@type\":\"Article\",\"@id\":\"https:\\\/\\\/www.convotis.com\\\/es\\\/news\\\/convotis-da-una-calurosa-bienvenida-al-grupo-a-swiss-cloud-computing-ag\\\/#article\",\"isPartOf\":{\"@id\":\"https:\\\/\\\/www.convotis.com\\\/es\\\/news\\\/convotis-da-una-calurosa-bienvenida-al-grupo-a-swiss-cloud-computing-ag\\\/\"},\"author\":{\"name\":\"nicolasarnedo\",\"@id\":\"https:\\\/\\\/www.convotis.com\\\/es\\\/#\\\/schema\\\/person\\\/64b3ec0606b608186ce5971e621c518d\"},\"headline\":\"CONVOTIS da una calurosa bienvenida al grupo a Swiss Cloud Computing ag.\",\"datePublished\":\"2025-02-14T16:11:58+00:00\",\"dateModified\":\"2025-08-14T15:13:18+00:00\",\"mainEntityOfPage\":{\"@id\":\"https:\\\/\\\/www.convotis.com\\\/es\\\/news\\\/convotis-da-una-calurosa-bienvenida-al-grupo-a-swiss-cloud-computing-ag\\\/\"},\"wordCount\":377,\"publisher\":{\"@id\":\"https:\\\/\\\/www.convotis.com\\\/es\\\/#organization\"},\"image\":{\"@id\":\"https:\\\/\\\/www.convotis.com\\\/es\\\/news\\\/convotis-da-una-calurosa-bienvenida-al-grupo-a-swiss-cloud-computing-ag\\\/#primaryimage\"},\"thumbnailUrl\":\"https:\\\/\\\/www.convotis.com\\\/es\\\/wp-content\\\/uploads\\\/sites\\\/3\\\/2024\\\/06\\\/Swiss-cloud-computing-ag-ist-Teil-der-CONVOTIS-Gruppe.png\",\"articleSection\":[\"About CONVOTIS\"],\"inLanguage\":\"en-US\"},{\"@type\":\"WebPage\",\"@id\":\"https:\\\/\\\/www.convotis.com\\\/es\\\/news\\\/convotis-da-una-calurosa-bienvenida-al-grupo-a-swiss-cloud-computing-ag\\\/\",\"url\":\"https:\\\/\\\/www.convotis.com\\\/es\\\/news\\\/convotis-da-una-calurosa-bienvenida-al-grupo-a-swiss-cloud-computing-ag\\\/\",\"name\":\"CONVOTIS da la bienvenida a Swiss Cloud Computing AG.\",\"isPartOf\":{\"@id\":\"https:\\\/\\\/www.convotis.com\\\/es\\\/#website\"},\"primaryImageOfPage\":{\"@id\":\"https:\\\/\\\/www.convotis.com\\\/es\\\/news\\\/convotis-da-una-calurosa-bienvenida-al-grupo-a-swiss-cloud-computing-ag\\\/#primaryimage\"},\"image\":{\"@id\":\"https:\\\/\\\/www.convotis.com\\\/es\\\/news\\\/convotis-da-una-calurosa-bienvenida-al-grupo-a-swiss-cloud-computing-ag\\\/#primaryimage\"},\"thumbnailUrl\":\"https:\\\/\\\/www.convotis.com\\\/es\\\/wp-content\\\/uploads\\\/sites\\\/3\\\/2024\\\/06\\\/Swiss-cloud-computing-ag-ist-Teil-der-CONVOTIS-Gruppe.png\",\"datePublished\":\"2025-02-14T16:11:58+00:00\",\"dateModified\":\"2025-08-14T15:13:18+00:00\",\"description\":\"CONVOTIS se expande en Suiza con Swiss Cloud Computing AG, mejorando nuestras soluciones en la nube para pymes y proveedores de software.\",\"inLanguage\":\"en-US\",\"potentialAction\":[{\"@type\":\"ReadAction\",\"target\":[\"https:\\\/\\\/www.convotis.com\\\/es\\\/news\\\/convotis-da-una-calurosa-bienvenida-al-grupo-a-swiss-cloud-computing-ag\\\/\"]}]},{\"@type\":\"ImageObject\",\"inLanguage\":\"en-US\",\"@id\":\"https:\\\/\\\/www.convotis.com\\\/es\\\/news\\\/convotis-da-una-calurosa-bienvenida-al-grupo-a-swiss-cloud-computing-ag\\\/#primaryimage\",\"url\":\"https:\\\/\\\/www.convotis.com\\\/es\\\/wp-content\\\/uploads\\\/sites\\\/3\\\/2024\\\/06\\\/Swiss-cloud-computing-ag-ist-Teil-der-CONVOTIS-Gruppe.png\",\"contentUrl\":\"https:\\\/\\\/www.convotis.com\\\/es\\\/wp-content\\\/uploads\\\/sites\\\/3\\\/2024\\\/06\\\/Swiss-cloud-computing-ag-ist-Teil-der-CONVOTIS-Gruppe.png\",\"width\":1090,\"height\":670,\"caption\":\"Four business leaders standing together and smiling \u2013 representing the integration of Swiss Cloud Computing AG into the CONVOTIS Group.\"},{\"@type\":\"WebSite\",\"@id\":\"https:\\\/\\\/www.convotis.com\\\/es\\\/#website\",\"url\":\"https:\\\/\\\/www.convotis.com\\\/es\\\/\",\"name\":\"CONVOTIS\",\"description\":\"For Europe&#039;s digital future.\",\"publisher\":{\"@id\":\"https:\\\/\\\/www.convotis.com\\\/es\\\/#organization\"},\"potentialAction\":[{\"@type\":\"SearchAction\",\"target\":{\"@type\":\"EntryPoint\",\"urlTemplate\":\"https:\\\/\\\/www.convotis.com\\\/es\\\/?s={search_term_string}\"},\"query-input\":{\"@type\":\"PropertyValueSpecification\",\"valueRequired\":true,\"valueName\":\"search_term_string\"}}],\"inLanguage\":\"en-US\"},{\"@type\":\"Organization\",\"@id\":\"https:\\\/\\\/www.convotis.com\\\/es\\\/#organization\",\"name\":\"CONVOTIS\",\"url\":\"https:\\\/\\\/www.convotis.com\\\/es\\\/\",\"logo\":{\"@type\":\"ImageObject\",\"inLanguage\":\"en-US\",\"@id\":\"https:\\\/\\\/www.convotis.com\\\/es\\\/#\\\/schema\\\/logo\\\/image\\\/\",\"url\":\"https:\\\/\\\/www.convotis.com\\\/es\\\/wp-content\\\/uploads\\\/sites\\\/3\\\/2025\\\/08\\\/Convotis_blue_cmyk300dpi-scaled.png\",\"contentUrl\":\"https:\\\/\\\/www.convotis.com\\\/es\\\/wp-content\\\/uploads\\\/sites\\\/3\\\/2025\\\/08\\\/Convotis_blue_cmyk300dpi-scaled.png\",\"width\":2560,\"height\":411,\"caption\":\"CONVOTIS\"},\"image\":{\"@id\":\"https:\\\/\\\/www.convotis.com\\\/es\\\/#\\\/schema\\\/logo\\\/image\\\/\"},\"sameAs\":[\"https:\\\/\\\/www.linkedin.com\\\/company\\\/convotis-gmbh\\\/\"]},{\"@type\":\"Person\",\"@id\":\"https:\\\/\\\/www.convotis.com\\\/es\\\/#\\\/schema\\\/person\\\/64b3ec0606b608186ce5971e621c518d\",\"name\":\"nicolasarnedo\",\"image\":{\"@type\":\"ImageObject\",\"inLanguage\":\"en-US\",\"@id\":\"https:\\\/\\\/secure.gravatar.com\\\/avatar\\\/7a9e3e28d306c1ffd8f5858fe7e9c0ead936942ee372d4e947d490d2b5c6d201?s=96&d=mm&r=g\",\"url\":\"https:\\\/\\\/secure.gravatar.com\\\/avatar\\\/7a9e3e28d306c1ffd8f5858fe7e9c0ead936942ee372d4e947d490d2b5c6d201?s=96&d=mm&r=g\",\"contentUrl\":\"https:\\\/\\\/secure.gravatar.com\\\/avatar\\\/7a9e3e28d306c1ffd8f5858fe7e9c0ead936942ee372d4e947d490d2b5c6d201?s=96&d=mm&r=g\",\"caption\":\"nicolasarnedo\"}}]}<\/script>\n<!-- \/ Yoast SEO Premium plugin. -->","yoast_head_json":{"title":"CONVOTIS da la bienvenida a Swiss Cloud Computing AG.","description":"CONVOTIS se expande en Suiza con Swiss Cloud Computing AG, mejorando nuestras soluciones en la nube para pymes y proveedores de software.","robots":{"index":"index","follow":"follow","max-snippet":"max-snippet:-1","max-image-preview":"max-image-preview:large","max-video-preview":"max-video-preview:-1"},"canonical":"https:\/\/www.convotis.com\/es\/news\/convotis-da-una-calurosa-bienvenida-al-grupo-a-swiss-cloud-computing-ag\/","og_locale":"en_US","og_type":"article","og_title":"CONVOTIS da la bienvenida a Swiss Cloud Computing AG.","og_description":"CONVOTIS se expande en Suiza con Swiss Cloud Computing AG, mejorando nuestras soluciones en la nube para pymes y proveedores de software.","og_url":"https:\/\/www.convotis.com\/es\/news\/convotis-da-una-calurosa-bienvenida-al-grupo-a-swiss-cloud-computing-ag\/","og_site_name":"CONVOTIS Iberia","article_published_time":"2025-02-14T16:11:58+00:00","article_modified_time":"2025-08-14T15:13:18+00:00","og_image":[{"width":1090,"height":670,"url":"https:\/\/www.convotis.com\/es\/wp-content\/uploads\/sites\/3\/2024\/06\/Swiss-cloud-computing-ag-ist-Teil-der-CONVOTIS-Gruppe.png","type":"image\/png"}],"author":"nicolasarnedo","twitter_card":"summary_large_image","twitter_misc":{"Written by":"nicolasarnedo","Est. reading time":"2 minutes"},"schema":{"@context":"https:\/\/schema.org","@graph":[{"@type":"Article","@id":"https:\/\/www.convotis.com\/es\/news\/convotis-da-una-calurosa-bienvenida-al-grupo-a-swiss-cloud-computing-ag\/#article","isPartOf":{"@id":"https:\/\/www.convotis.com\/es\/news\/convotis-da-una-calurosa-bienvenida-al-grupo-a-swiss-cloud-computing-ag\/"},"author":{"name":"nicolasarnedo","@id":"https:\/\/www.convotis.com\/es\/#\/schema\/person\/64b3ec0606b608186ce5971e621c518d"},"headline":"CONVOTIS da una calurosa bienvenida al grupo a Swiss Cloud Computing ag.","datePublished":"2025-02-14T16:11:58+00:00","dateModified":"2025-08-14T15:13:18+00:00","mainEntityOfPage":{"@id":"https:\/\/www.convotis.com\/es\/news\/convotis-da-una-calurosa-bienvenida-al-grupo-a-swiss-cloud-computing-ag\/"},"wordCount":377,"publisher":{"@id":"https:\/\/www.convotis.com\/es\/#organization"},"image":{"@id":"https:\/\/www.convotis.com\/es\/news\/convotis-da-una-calurosa-bienvenida-al-grupo-a-swiss-cloud-computing-ag\/#primaryimage"},"thumbnailUrl":"https:\/\/www.convotis.com\/es\/wp-content\/uploads\/sites\/3\/2024\/06\/Swiss-cloud-computing-ag-ist-Teil-der-CONVOTIS-Gruppe.png","articleSection":["About CONVOTIS"],"inLanguage":"en-US"},{"@type":"WebPage","@id":"https:\/\/www.convotis.com\/es\/news\/convotis-da-una-calurosa-bienvenida-al-grupo-a-swiss-cloud-computing-ag\/","url":"https:\/\/www.convotis.com\/es\/news\/convotis-da-una-calurosa-bienvenida-al-grupo-a-swiss-cloud-computing-ag\/","name":"CONVOTIS da la bienvenida a Swiss Cloud Computing AG.","isPartOf":{"@id":"https:\/\/www.convotis.com\/es\/#website"},"primaryImageOfPage":{"@id":"https:\/\/www.convotis.com\/es\/news\/convotis-da-una-calurosa-bienvenida-al-grupo-a-swiss-cloud-computing-ag\/#primaryimage"},"image":{"@id":"https:\/\/www.convotis.com\/es\/news\/convotis-da-una-calurosa-bienvenida-al-grupo-a-swiss-cloud-computing-ag\/#primaryimage"},"thumbnailUrl":"https:\/\/www.convotis.com\/es\/wp-content\/uploads\/sites\/3\/2024\/06\/Swiss-cloud-computing-ag-ist-Teil-der-CONVOTIS-Gruppe.png","datePublished":"2025-02-14T16:11:58+00:00","dateModified":"2025-08-14T15:13:18+00:00","description":"CONVOTIS se expande en Suiza con Swiss Cloud Computing AG, mejorando nuestras soluciones en la nube para pymes y proveedores de software.","inLanguage":"en-US","potentialAction":[{"@type":"ReadAction","target":["https:\/\/www.convotis.com\/es\/news\/convotis-da-una-calurosa-bienvenida-al-grupo-a-swiss-cloud-computing-ag\/"]}]},{"@type":"ImageObject","inLanguage":"en-US","@id":"https:\/\/www.convotis.com\/es\/news\/convotis-da-una-calurosa-bienvenida-al-grupo-a-swiss-cloud-computing-ag\/#primaryimage","url":"https:\/\/www.convotis.com\/es\/wp-content\/uploads\/sites\/3\/2024\/06\/Swiss-cloud-computing-ag-ist-Teil-der-CONVOTIS-Gruppe.png","contentUrl":"https:\/\/www.convotis.com\/es\/wp-content\/uploads\/sites\/3\/2024\/06\/Swiss-cloud-computing-ag-ist-Teil-der-CONVOTIS-Gruppe.png","width":1090,"height":670,"caption":"Four business leaders standing together and smiling \u2013 representing the integration of Swiss Cloud Computing AG into the CONVOTIS Group."},{"@type":"WebSite","@id":"https:\/\/www.convotis.com\/es\/#website","url":"https:\/\/www.convotis.com\/es\/","name":"CONVOTIS","description":"For Europe&#039;s digital future.","publisher":{"@id":"https:\/\/www.convotis.com\/es\/#organization"},"potentialAction":[{"@type":"SearchAction","target":{"@type":"EntryPoint","urlTemplate":"https:\/\/www.convotis.com\/es\/?s={search_term_string}"},"query-input":{"@type":"PropertyValueSpecification","valueRequired":true,"valueName":"search_term_string"}}],"inLanguage":"en-US"},{"@type":"Organization","@id":"https:\/\/www.convotis.com\/es\/#organization","name":"CONVOTIS","url":"https:\/\/www.convotis.com\/es\/","logo":{"@type":"ImageObject","inLanguage":"en-US","@id":"https:\/\/www.convotis.com\/es\/#\/schema\/logo\/image\/","url":"https:\/\/www.convotis.com\/es\/wp-content\/uploads\/sites\/3\/2025\/08\/Convotis_blue_cmyk300dpi-scaled.png","contentUrl":"https:\/\/www.convotis.com\/es\/wp-content\/uploads\/sites\/3\/2025\/08\/Convotis_blue_cmyk300dpi-scaled.png","width":2560,"height":411,"caption":"CONVOTIS"},"image":{"@id":"https:\/\/www.convotis.com\/es\/#\/schema\/logo\/image\/"},"sameAs":["https:\/\/www.linkedin.com\/company\/convotis-gmbh\/"]},{"@type":"Person","@id":"https:\/\/www.convotis.com\/es\/#\/schema\/person\/64b3ec0606b608186ce5971e621c518d","name":"nicolasarnedo","image":{"@type":"ImageObject","inLanguage":"en-US","@id":"https:\/\/secure.gravatar.com\/avatar\/7a9e3e28d306c1ffd8f5858fe7e9c0ead936942ee372d4e947d490d2b5c6d201?s=96&d=mm&r=g","url":"https:\/\/secure.gravatar.com\/avatar\/7a9e3e28d306c1ffd8f5858fe7e9c0ead936942ee372d4e947d490d2b5c6d201?s=96&d=mm&r=g","contentUrl":"https:\/\/secure.gravatar.com\/avatar\/7a9e3e28d306c1ffd8f5858fe7e9c0ead936942ee372d4e947d490d2b5c6d201?s=96&d=mm&r=g","caption":"nicolasarnedo"}}]}},"_links":{"self":[{"href":"https:\/\/www.convotis.com\/es\/wp-json\/wp\/v2\/posts\/44603","targetHints":{"allow":["GET"]}}],"collection":[{"href":"https:\/\/www.convotis.com\/es\/wp-json\/wp\/v2\/posts"}],"about":[{"href":"https:\/\/www.convotis.com\/es\/wp-json\/wp\/v2\/types\/post"}],"author":[{"embeddable":true,"href":"https:\/\/www.convotis.com\/es\/wp-json\/wp\/v2\/users\/15"}],"replies":[{"embeddable":true,"href":"https:\/\/www.convotis.com\/es\/wp-json\/wp\/v2\/comments?post=44603"}],"version-history":[{"count":2,"href":"https:\/\/www.convotis.com\/es\/wp-json\/wp\/v2\/posts\/44603\/revisions"}],"predecessor-version":[{"id":44607,"href":"https:\/\/www.convotis.com\/es\/wp-json\/wp\/v2\/posts\/44603\/revisions\/44607"}],"wp:featuredmedia":[{"embeddable":true,"href":"https:\/\/www.convotis.com\/es\/wp-json\/wp\/v2\/media\/29096"}],"wp:attachment":[{"href":"https:\/\/www.convotis.com\/es\/wp-json\/wp\/v2\/media?parent=44603"}],"wp:term":[{"taxonomy":"category","embeddable":true,"href":"https:\/\/www.convotis.com\/es\/wp-json\/wp\/v2\/categories?post=44603"},{"taxonomy":"post_tag","embeddable":true,"href":"https:\/\/www.convotis.com\/es\/wp-json\/wp\/v2\/tags?post=44603"}],"curies":[{"name":"wp","href":"https:\/\/api.w.org\/{rel}","templated":true}]}}