{"id":44665,"date":"2025-05-14T17:46:56","date_gmt":"2025-05-14T15:46:56","guid":{"rendered":"https:\/\/stage2.convotis.com\/es\/?p=44665"},"modified":"2025-08-14T17:47:47","modified_gmt":"2025-08-14T15:47:47","slug":"parte-2-de-la-plataforma-al-mercado-como-deployai-se-convierte-en-una-solucion-real-para-empresas","status":"publish","type":"post","link":"https:\/\/www.convotis.com\/es\/news\/parte-2-de-la-plataforma-al-mercado-como-deployai-se-convierte-en-una-solucion-real-para-empresas\/","title":{"rendered":"Parte 2 \u2013 De la plataforma al mercado: c\u00f3mo DeployAI se convierte en una soluci\u00f3n real para empresas"},"content":{"rendered":"<p>\u00bfQu\u00e9 queda de un gran proyecto de la UE como DeployAI una vez que la plataforma se pone en marcha? Para CONVOTIS, aqu\u00ed es donde empieza el verdadero trabajo: traducir la plataforma en soluciones pr\u00e1cticas. En la segunda parte de nuestra entrevista, Jos\u00e9 L\u00f3pez habla de paquetes preconfigurados, servicios de IA listos para la producci\u00f3n y de c\u00f3mo CONVOTIS est\u00e1 poniendo en pr\u00e1ctica la soberan\u00eda digital.<\/p>\n<h2>\u00bfQu\u00e9 queda del proyecto m\u00e1s all\u00e1 del lanzamiento de la plataforma?<\/h2>\n<p>Un ecosistema plenamente funcional. La plataforma est\u00e1 operativa, los paquetes listos para su uso y ahora CONVOTIS est\u00e1 traduciendo todo esto en valor tangible para las empresas. DeployAI fue el punto de partida para llevar al mercado soluciones de IA listas para producci\u00f3n, infraestructura DevOps segura y plataformas con capacidad de integraci\u00f3n, especialmente para empresas sin equipos de TI dedicados.<\/p>\n<h2>\u00bfC\u00f3mo se benefician en la pr\u00e1ctica las medianas empresas?<\/h2>\n<p>DeployAI ofrece paquetes preconfigurados de uso inmediato, desde la b\u00fasqueda inteligente de productos para tiendas web hasta entornos de desarrollo escalables. Todo cumple la normativa GDPR y est\u00e1 alojado en nuestra infraestructura de nube soberana en Europa, sin largas fases de implementaci\u00f3n.<\/p>\n<p>Para dar vida a la IA para medianas empresas, combinamos modelos escalables de c\u00f3digo abierto como Teuken, LLaMA 3.1, NVLM 1.0 y Ollama, optimizados con TensorRT-LLM para un tiempo de ejecuci\u00f3n de alto rendimiento. Estas herramientas se han mejorado con herramientas de bajo c\u00f3digo o sin c\u00f3digo como AIBuilder, LLMLab, n8n para la automatizaci\u00f3n de procesos y Langflow para la orquestaci\u00f3n visual de flujos de trabajo LLM. Esto permite modelar, probar y desplegar r\u00e1pidamente procesos y agentes basados en IA de forma segura y pragm\u00e1tica.<\/p>\n<p>Para obtener la m\u00e1xima potencia de c\u00e1lculo, DeployAI y nuestras asociaciones permiten acceder al superordenador MeluXina HPC del proveedor luxemburgu\u00e9s de HPC LuxProvide. Esto permite incluso a las medianas empresas entrenar eficientemente modelos complejos de IA, realizar an\u00e1lisis de datos a gran escala y ofrecer servicios basados en IA, sin necesidad de una infraestructura HPC propia.<\/p>\n<h2>\u00bfQu\u00e9 significa esto para CONVOTIS?<\/h2>\n<p>Refleja nuestra transformaci\u00f3n: de socio de implementaci\u00f3n en un proyecto de la UE a proveedor de soluciones de plataforma independientes y listas para usar tanto para medianas empresas como para el sector p\u00fablico. Conectamos la pol\u00edtica tecnol\u00f3gica europea con el valor empresarial, reforzando no solo a nuestros clientes, sino tambi\u00e9n la competitividad digital de Europa.<\/p>\n<h2>\u00bfPor qu\u00e9 participa CONVOTIS en un proyecto emblem\u00e1tico europeo como DeployAI?<\/h2>\n<p>Porque la soberan\u00eda europea necesita plataformas fiables y pr\u00e1cticas, y nosotros tenemos la experiencia necesaria para ayudar a construirlas. Nuestras ambiciones van m\u00e1s all\u00e1 del propio proyecto: estamos aplicando los conocimientos sobre arquitectura, integraci\u00f3n y operaciones para crear soluciones que se adapten a empresas de todos los tama\u00f1os, desde autoridades p\u00fablicas hasta empresas y pymes.<\/p>\n<h2>\u00bfQu\u00e9 dice DeployAI de CONVOTIS como socio de TI a largo plazo?<\/h2>\n<p>DeployAI muestra claramente lo que distingue a CONVOTIS como socio de TI a largo plazo: no nos limitamos a entregar proyectos aislados, sino que configuramos activamente el futuro digital de Europa con soluciones que combinan soberan\u00eda, seguridad y usabilidad en el mundo real. Nuestra fuerza reside en traducir requisitos complejos en soluciones desplegables, escalables y sostenibles, siempre con un claro enfoque en la realidad operativa.<\/p>\n<p>Junto con socios fuertes en el consorcio DeployAI del proyecto de la UE AI-on-Demand Platform, hemos convertido esta visi\u00f3n en realidad &#8211; como confirma el coordinador del proyecto Joachim K\u00f6hler:<\/p>\n<blockquote><p><em>&#8220;Quiero dar las gracias a Jos\u00e9 L\u00f3pez y al equipo de CONVOTIS, cuya experiencia y dedicaci\u00f3n han sido cruciales para el \u00e9xito de DeployAI. En particular, desempe\u00f1aron un papel clave en el desarrollo de la infraestructura DevOps, el mercado de IA y la plataforma empresarial, contribuyendo de forma decisiva al \u00e9xito del proyecto.&#8221;<\/em><\/p>\n<p>Joachim K\u00f6hler, coordinador del proyecto DeployAI y jefe de departamento del Instituto Fraunhofer de An\u00e1lisis Inteligente y Sistemas de Informaci\u00f3n (IAIS)<\/p><\/blockquote>\n<h2>\u00bfCu\u00e1l es el futuro estrat\u00e9gico de CONVOTIS, con DeployAI o m\u00e1s all\u00e1?<\/h2>\n<p>Estamos construyendo el futuro digital de Europa, con infraestructuras soberanas en la nube, plataformas de IA y arquitecturas escalables. Nuestra misi\u00f3n es hacer que la soberan\u00eda digital no solo sea t\u00e9cnicamente posible, sino pr\u00e1cticamente utilizable. DeployAI fue un componente importante. Pero nuestro objetivo va mucho m\u00e1s all\u00e1: estamos desarrollando una infraestructura acorde con los valores europeos: abierta, segura y econ\u00f3micamente sostenible. Para instituciones p\u00fablicas, empresas y, especialmente, el mercado medio.<\/p>\n<p>Visite <a href=\"https:\/\/www.aiodp.eu\/\" target=\"_blank\" rel=\"noopener\">la plataforma AI-on-Demand<\/a><\/p>\n","protected":false},"excerpt":{"rendered":"<p>\u00bfQu\u00e9 queda de un gran proyecto de la UE como DeployAI una vez que la plataforma se pone en marcha? Para CONVOTIS, aqu\u00ed es donde empieza el verdadero trabajo: traducir la plataforma en soluciones pr\u00e1cticas. En la segunda parte de nuestra entrevista, Jos\u00e9 L\u00f3pez habla de paquetes preconfigurados, servicios de IA listos para la producci\u00f3n [&hellip;]<\/p>\n","protected":false},"author":15,"featured_media":35948,"comment_status":"closed","ping_status":"closed","sticky":false,"template":"","format":"standard","meta":{"_acf_changed":false,"content-type":"","footnotes":""},"categories":[982],"tags":[],"class_list":["post-44665","post","type-post","status-publish","format-standard","has-post-thumbnail","hentry","category-about-convotis-es"],"acf":[],"yoast_head":"<!-- This site is optimized with the Yoast SEO Premium plugin v27.4 (Yoast SEO v27.4) - https:\/\/yoast.com\/product\/yoast-seo-premium-wordpress\/ -->\n<title>De la IA de la UE al \u00e9xito empresarial real con DeployAI<\/title>\n<meta name=\"description\" content=\"Descubre c\u00f3mo CONVOTIS est\u00e1 dando vida al proyecto DeployAI de la UE con servicios de IA y una infraestructura de nube soberana.\" \/>\n<meta name=\"robots\" content=\"index, follow, max-snippet:-1, max-image-preview:large, max-video-preview:-1\" \/>\n<link rel=\"canonical\" href=\"https:\/\/www.convotis.com\/es\/news\/parte-2-de-la-plataforma-al-mercado-como-deployai-se-convierte-en-una-solucion-real-para-empresas\/\" \/>\n<meta property=\"og:locale\" content=\"en_US\" \/>\n<meta property=\"og:type\" content=\"article\" \/>\n<meta property=\"og:title\" content=\"De la IA de la UE al \u00e9xito empresarial real con DeployAI\" \/>\n<meta property=\"og:description\" content=\"Descubre c\u00f3mo CONVOTIS est\u00e1 dando vida al proyecto DeployAI de la UE con servicios de IA y una infraestructura de nube soberana.\" \/>\n<meta property=\"og:url\" content=\"https:\/\/www.convotis.com\/es\/news\/parte-2-de-la-plataforma-al-mercado-como-deployai-se-convierte-en-una-solucion-real-para-empresas\/\" \/>\n<meta property=\"og:site_name\" content=\"CONVOTIS Iberia\" \/>\n<meta property=\"article:published_time\" content=\"2025-05-14T15:46:56+00:00\" \/>\n<meta property=\"article:modified_time\" content=\"2025-08-14T15:47:47+00:00\" \/>\n<meta property=\"og:image\" content=\"https:\/\/www.convotis.com\/es\/wp-content\/uploads\/sites\/3\/2025\/07\/Interview-Jose-Lopez-Teil-2.png\" \/>\n\t<meta property=\"og:image:width\" content=\"1090\" \/>\n\t<meta property=\"og:image:height\" content=\"670\" \/>\n\t<meta property=\"og:image:type\" content=\"image\/png\" \/>\n<meta name=\"author\" content=\"nicolasarnedo\" \/>\n<meta name=\"twitter:card\" content=\"summary_large_image\" \/>\n<meta name=\"twitter:label1\" content=\"Written by\" \/>\n\t<meta name=\"twitter:data1\" content=\"nicolasarnedo\" \/>\n\t<meta name=\"twitter:label2\" content=\"Est. reading time\" \/>\n\t<meta name=\"twitter:data2\" content=\"4 minutes\" \/>\n<script type=\"application\/ld+json\" class=\"yoast-schema-graph\">{\"@context\":\"https:\\\/\\\/schema.org\",\"@graph\":[{\"@type\":\"Article\",\"@id\":\"https:\\\/\\\/www.convotis.com\\\/es\\\/news\\\/parte-2-de-la-plataforma-al-mercado-como-deployai-se-convierte-en-una-solucion-real-para-empresas\\\/#article\",\"isPartOf\":{\"@id\":\"https:\\\/\\\/www.convotis.com\\\/es\\\/news\\\/parte-2-de-la-plataforma-al-mercado-como-deployai-se-convierte-en-una-solucion-real-para-empresas\\\/\"},\"author\":{\"name\":\"nicolasarnedo\",\"@id\":\"https:\\\/\\\/www.convotis.com\\\/es\\\/#\\\/schema\\\/person\\\/64b3ec0606b608186ce5971e621c518d\"},\"headline\":\"Parte 2 \u2013 De la plataforma al mercado: c\u00f3mo DeployAI se convierte en una soluci\u00f3n real para empresas\",\"datePublished\":\"2025-05-14T15:46:56+00:00\",\"dateModified\":\"2025-08-14T15:47:47+00:00\",\"mainEntityOfPage\":{\"@id\":\"https:\\\/\\\/www.convotis.com\\\/es\\\/news\\\/parte-2-de-la-plataforma-al-mercado-como-deployai-se-convierte-en-una-solucion-real-para-empresas\\\/\"},\"wordCount\":796,\"publisher\":{\"@id\":\"https:\\\/\\\/www.convotis.com\\\/es\\\/#organization\"},\"image\":{\"@id\":\"https:\\\/\\\/www.convotis.com\\\/es\\\/news\\\/parte-2-de-la-plataforma-al-mercado-como-deployai-se-convierte-en-una-solucion-real-para-empresas\\\/#primaryimage\"},\"thumbnailUrl\":\"https:\\\/\\\/www.convotis.com\\\/es\\\/wp-content\\\/uploads\\\/sites\\\/3\\\/2025\\\/07\\\/Interview-Jose-Lopez-Teil-2.png\",\"articleSection\":[\"About CONVOTIS\"],\"inLanguage\":\"en-US\"},{\"@type\":\"WebPage\",\"@id\":\"https:\\\/\\\/www.convotis.com\\\/es\\\/news\\\/parte-2-de-la-plataforma-al-mercado-como-deployai-se-convierte-en-una-solucion-real-para-empresas\\\/\",\"url\":\"https:\\\/\\\/www.convotis.com\\\/es\\\/news\\\/parte-2-de-la-plataforma-al-mercado-como-deployai-se-convierte-en-una-solucion-real-para-empresas\\\/\",\"name\":\"De la IA de la UE al \u00e9xito empresarial real con DeployAI\",\"isPartOf\":{\"@id\":\"https:\\\/\\\/www.convotis.com\\\/es\\\/#website\"},\"primaryImageOfPage\":{\"@id\":\"https:\\\/\\\/www.convotis.com\\\/es\\\/news\\\/parte-2-de-la-plataforma-al-mercado-como-deployai-se-convierte-en-una-solucion-real-para-empresas\\\/#primaryimage\"},\"image\":{\"@id\":\"https:\\\/\\\/www.convotis.com\\\/es\\\/news\\\/parte-2-de-la-plataforma-al-mercado-como-deployai-se-convierte-en-una-solucion-real-para-empresas\\\/#primaryimage\"},\"thumbnailUrl\":\"https:\\\/\\\/www.convotis.com\\\/es\\\/wp-content\\\/uploads\\\/sites\\\/3\\\/2025\\\/07\\\/Interview-Jose-Lopez-Teil-2.png\",\"datePublished\":\"2025-05-14T15:46:56+00:00\",\"dateModified\":\"2025-08-14T15:47:47+00:00\",\"description\":\"Descubre c\u00f3mo CONVOTIS est\u00e1 dando vida al proyecto DeployAI de la UE con servicios de IA y una infraestructura de nube soberana.\",\"inLanguage\":\"en-US\",\"potentialAction\":[{\"@type\":\"ReadAction\",\"target\":[\"https:\\\/\\\/www.convotis.com\\\/es\\\/news\\\/parte-2-de-la-plataforma-al-mercado-como-deployai-se-convierte-en-una-solucion-real-para-empresas\\\/\"]}]},{\"@type\":\"ImageObject\",\"inLanguage\":\"en-US\",\"@id\":\"https:\\\/\\\/www.convotis.com\\\/es\\\/news\\\/parte-2-de-la-plataforma-al-mercado-como-deployai-se-convierte-en-una-solucion-real-para-empresas\\\/#primaryimage\",\"url\":\"https:\\\/\\\/www.convotis.com\\\/es\\\/wp-content\\\/uploads\\\/sites\\\/3\\\/2025\\\/07\\\/Interview-Jose-Lopez-Teil-2.png\",\"contentUrl\":\"https:\\\/\\\/www.convotis.com\\\/es\\\/wp-content\\\/uploads\\\/sites\\\/3\\\/2025\\\/07\\\/Interview-Jose-Lopez-Teil-2.png\",\"width\":1090,\"height\":670,\"caption\":\"Portrait of Jos\u00e9 Lopez, COO at CONVOTIS, during the DeployAI interview series \u2013 discussing digital sovereignty, AI services, and scalable DevOps infrastructures for European enterprises.\"},{\"@type\":\"WebSite\",\"@id\":\"https:\\\/\\\/www.convotis.com\\\/es\\\/#website\",\"url\":\"https:\\\/\\\/www.convotis.com\\\/es\\\/\",\"name\":\"CONVOTIS\",\"description\":\"For Europe&#039;s digital future.\",\"publisher\":{\"@id\":\"https:\\\/\\\/www.convotis.com\\\/es\\\/#organization\"},\"potentialAction\":[{\"@type\":\"SearchAction\",\"target\":{\"@type\":\"EntryPoint\",\"urlTemplate\":\"https:\\\/\\\/www.convotis.com\\\/es\\\/?s={search_term_string}\"},\"query-input\":{\"@type\":\"PropertyValueSpecification\",\"valueRequired\":true,\"valueName\":\"search_term_string\"}}],\"inLanguage\":\"en-US\"},{\"@type\":\"Organization\",\"@id\":\"https:\\\/\\\/www.convotis.com\\\/es\\\/#organization\",\"name\":\"CONVOTIS\",\"url\":\"https:\\\/\\\/www.convotis.com\\\/es\\\/\",\"logo\":{\"@type\":\"ImageObject\",\"inLanguage\":\"en-US\",\"@id\":\"https:\\\/\\\/www.convotis.com\\\/es\\\/#\\\/schema\\\/logo\\\/image\\\/\",\"url\":\"https:\\\/\\\/www.convotis.com\\\/es\\\/wp-content\\\/uploads\\\/sites\\\/3\\\/2025\\\/08\\\/Convotis_blue_cmyk300dpi-scaled.png\",\"contentUrl\":\"https:\\\/\\\/www.convotis.com\\\/es\\\/wp-content\\\/uploads\\\/sites\\\/3\\\/2025\\\/08\\\/Convotis_blue_cmyk300dpi-scaled.png\",\"width\":2560,\"height\":411,\"caption\":\"CONVOTIS\"},\"image\":{\"@id\":\"https:\\\/\\\/www.convotis.com\\\/es\\\/#\\\/schema\\\/logo\\\/image\\\/\"},\"sameAs\":[\"https:\\\/\\\/www.linkedin.com\\\/company\\\/convotis-gmbh\\\/\"]},{\"@type\":\"Person\",\"@id\":\"https:\\\/\\\/www.convotis.com\\\/es\\\/#\\\/schema\\\/person\\\/64b3ec0606b608186ce5971e621c518d\",\"name\":\"nicolasarnedo\",\"image\":{\"@type\":\"ImageObject\",\"inLanguage\":\"en-US\",\"@id\":\"https:\\\/\\\/secure.gravatar.com\\\/avatar\\\/7a9e3e28d306c1ffd8f5858fe7e9c0ead936942ee372d4e947d490d2b5c6d201?s=96&d=mm&r=g\",\"url\":\"https:\\\/\\\/secure.gravatar.com\\\/avatar\\\/7a9e3e28d306c1ffd8f5858fe7e9c0ead936942ee372d4e947d490d2b5c6d201?s=96&d=mm&r=g\",\"contentUrl\":\"https:\\\/\\\/secure.gravatar.com\\\/avatar\\\/7a9e3e28d306c1ffd8f5858fe7e9c0ead936942ee372d4e947d490d2b5c6d201?s=96&d=mm&r=g\",\"caption\":\"nicolasarnedo\"}}]}<\/script>\n<!-- \/ Yoast SEO Premium plugin. -->","yoast_head_json":{"title":"De la IA de la UE al \u00e9xito empresarial real con DeployAI","description":"Descubre c\u00f3mo CONVOTIS est\u00e1 dando vida al proyecto DeployAI de la UE con servicios de IA y una infraestructura de nube soberana.","robots":{"index":"index","follow":"follow","max-snippet":"max-snippet:-1","max-image-preview":"max-image-preview:large","max-video-preview":"max-video-preview:-1"},"canonical":"https:\/\/www.convotis.com\/es\/news\/parte-2-de-la-plataforma-al-mercado-como-deployai-se-convierte-en-una-solucion-real-para-empresas\/","og_locale":"en_US","og_type":"article","og_title":"De la IA de la UE al \u00e9xito empresarial real con DeployAI","og_description":"Descubre c\u00f3mo CONVOTIS est\u00e1 dando vida al proyecto DeployAI de la UE con servicios de IA y una infraestructura de nube soberana.","og_url":"https:\/\/www.convotis.com\/es\/news\/parte-2-de-la-plataforma-al-mercado-como-deployai-se-convierte-en-una-solucion-real-para-empresas\/","og_site_name":"CONVOTIS Iberia","article_published_time":"2025-05-14T15:46:56+00:00","article_modified_time":"2025-08-14T15:47:47+00:00","og_image":[{"width":1090,"height":670,"url":"https:\/\/www.convotis.com\/es\/wp-content\/uploads\/sites\/3\/2025\/07\/Interview-Jose-Lopez-Teil-2.png","type":"image\/png"}],"author":"nicolasarnedo","twitter_card":"summary_large_image","twitter_misc":{"Written by":"nicolasarnedo","Est. reading time":"4 minutes"},"schema":{"@context":"https:\/\/schema.org","@graph":[{"@type":"Article","@id":"https:\/\/www.convotis.com\/es\/news\/parte-2-de-la-plataforma-al-mercado-como-deployai-se-convierte-en-una-solucion-real-para-empresas\/#article","isPartOf":{"@id":"https:\/\/www.convotis.com\/es\/news\/parte-2-de-la-plataforma-al-mercado-como-deployai-se-convierte-en-una-solucion-real-para-empresas\/"},"author":{"name":"nicolasarnedo","@id":"https:\/\/www.convotis.com\/es\/#\/schema\/person\/64b3ec0606b608186ce5971e621c518d"},"headline":"Parte 2 \u2013 De la plataforma al mercado: c\u00f3mo DeployAI se convierte en una soluci\u00f3n real para empresas","datePublished":"2025-05-14T15:46:56+00:00","dateModified":"2025-08-14T15:47:47+00:00","mainEntityOfPage":{"@id":"https:\/\/www.convotis.com\/es\/news\/parte-2-de-la-plataforma-al-mercado-como-deployai-se-convierte-en-una-solucion-real-para-empresas\/"},"wordCount":796,"publisher":{"@id":"https:\/\/www.convotis.com\/es\/#organization"},"image":{"@id":"https:\/\/www.convotis.com\/es\/news\/parte-2-de-la-plataforma-al-mercado-como-deployai-se-convierte-en-una-solucion-real-para-empresas\/#primaryimage"},"thumbnailUrl":"https:\/\/www.convotis.com\/es\/wp-content\/uploads\/sites\/3\/2025\/07\/Interview-Jose-Lopez-Teil-2.png","articleSection":["About CONVOTIS"],"inLanguage":"en-US"},{"@type":"WebPage","@id":"https:\/\/www.convotis.com\/es\/news\/parte-2-de-la-plataforma-al-mercado-como-deployai-se-convierte-en-una-solucion-real-para-empresas\/","url":"https:\/\/www.convotis.com\/es\/news\/parte-2-de-la-plataforma-al-mercado-como-deployai-se-convierte-en-una-solucion-real-para-empresas\/","name":"De la IA de la UE al \u00e9xito empresarial real con DeployAI","isPartOf":{"@id":"https:\/\/www.convotis.com\/es\/#website"},"primaryImageOfPage":{"@id":"https:\/\/www.convotis.com\/es\/news\/parte-2-de-la-plataforma-al-mercado-como-deployai-se-convierte-en-una-solucion-real-para-empresas\/#primaryimage"},"image":{"@id":"https:\/\/www.convotis.com\/es\/news\/parte-2-de-la-plataforma-al-mercado-como-deployai-se-convierte-en-una-solucion-real-para-empresas\/#primaryimage"},"thumbnailUrl":"https:\/\/www.convotis.com\/es\/wp-content\/uploads\/sites\/3\/2025\/07\/Interview-Jose-Lopez-Teil-2.png","datePublished":"2025-05-14T15:46:56+00:00","dateModified":"2025-08-14T15:47:47+00:00","description":"Descubre c\u00f3mo CONVOTIS est\u00e1 dando vida al proyecto DeployAI de la UE con servicios de IA y una infraestructura de nube soberana.","inLanguage":"en-US","potentialAction":[{"@type":"ReadAction","target":["https:\/\/www.convotis.com\/es\/news\/parte-2-de-la-plataforma-al-mercado-como-deployai-se-convierte-en-una-solucion-real-para-empresas\/"]}]},{"@type":"ImageObject","inLanguage":"en-US","@id":"https:\/\/www.convotis.com\/es\/news\/parte-2-de-la-plataforma-al-mercado-como-deployai-se-convierte-en-una-solucion-real-para-empresas\/#primaryimage","url":"https:\/\/www.convotis.com\/es\/wp-content\/uploads\/sites\/3\/2025\/07\/Interview-Jose-Lopez-Teil-2.png","contentUrl":"https:\/\/www.convotis.com\/es\/wp-content\/uploads\/sites\/3\/2025\/07\/Interview-Jose-Lopez-Teil-2.png","width":1090,"height":670,"caption":"Portrait of Jos\u00e9 Lopez, COO at CONVOTIS, during the DeployAI interview series \u2013 discussing digital sovereignty, AI services, and scalable DevOps infrastructures for European enterprises."},{"@type":"WebSite","@id":"https:\/\/www.convotis.com\/es\/#website","url":"https:\/\/www.convotis.com\/es\/","name":"CONVOTIS","description":"For Europe&#039;s digital future.","publisher":{"@id":"https:\/\/www.convotis.com\/es\/#organization"},"potentialAction":[{"@type":"SearchAction","target":{"@type":"EntryPoint","urlTemplate":"https:\/\/www.convotis.com\/es\/?s={search_term_string}"},"query-input":{"@type":"PropertyValueSpecification","valueRequired":true,"valueName":"search_term_string"}}],"inLanguage":"en-US"},{"@type":"Organization","@id":"https:\/\/www.convotis.com\/es\/#organization","name":"CONVOTIS","url":"https:\/\/www.convotis.com\/es\/","logo":{"@type":"ImageObject","inLanguage":"en-US","@id":"https:\/\/www.convotis.com\/es\/#\/schema\/logo\/image\/","url":"https:\/\/www.convotis.com\/es\/wp-content\/uploads\/sites\/3\/2025\/08\/Convotis_blue_cmyk300dpi-scaled.png","contentUrl":"https:\/\/www.convotis.com\/es\/wp-content\/uploads\/sites\/3\/2025\/08\/Convotis_blue_cmyk300dpi-scaled.png","width":2560,"height":411,"caption":"CONVOTIS"},"image":{"@id":"https:\/\/www.convotis.com\/es\/#\/schema\/logo\/image\/"},"sameAs":["https:\/\/www.linkedin.com\/company\/convotis-gmbh\/"]},{"@type":"Person","@id":"https:\/\/www.convotis.com\/es\/#\/schema\/person\/64b3ec0606b608186ce5971e621c518d","name":"nicolasarnedo","image":{"@type":"ImageObject","inLanguage":"en-US","@id":"https:\/\/secure.gravatar.com\/avatar\/7a9e3e28d306c1ffd8f5858fe7e9c0ead936942ee372d4e947d490d2b5c6d201?s=96&d=mm&r=g","url":"https:\/\/secure.gravatar.com\/avatar\/7a9e3e28d306c1ffd8f5858fe7e9c0ead936942ee372d4e947d490d2b5c6d201?s=96&d=mm&r=g","contentUrl":"https:\/\/secure.gravatar.com\/avatar\/7a9e3e28d306c1ffd8f5858fe7e9c0ead936942ee372d4e947d490d2b5c6d201?s=96&d=mm&r=g","caption":"nicolasarnedo"}}]}},"_links":{"self":[{"href":"https:\/\/www.convotis.com\/es\/wp-json\/wp\/v2\/posts\/44665","targetHints":{"allow":["GET"]}}],"collection":[{"href":"https:\/\/www.convotis.com\/es\/wp-json\/wp\/v2\/posts"}],"about":[{"href":"https:\/\/www.convotis.com\/es\/wp-json\/wp\/v2\/types\/post"}],"author":[{"embeddable":true,"href":"https:\/\/www.convotis.com\/es\/wp-json\/wp\/v2\/users\/15"}],"replies":[{"embeddable":true,"href":"https:\/\/www.convotis.com\/es\/wp-json\/wp\/v2\/comments?post=44665"}],"version-history":[{"count":2,"href":"https:\/\/www.convotis.com\/es\/wp-json\/wp\/v2\/posts\/44665\/revisions"}],"predecessor-version":[{"id":44668,"href":"https:\/\/www.convotis.com\/es\/wp-json\/wp\/v2\/posts\/44665\/revisions\/44668"}],"wp:featuredmedia":[{"embeddable":true,"href":"https:\/\/www.convotis.com\/es\/wp-json\/wp\/v2\/media\/35948"}],"wp:attachment":[{"href":"https:\/\/www.convotis.com\/es\/wp-json\/wp\/v2\/media?parent=44665"}],"wp:term":[{"taxonomy":"category","embeddable":true,"href":"https:\/\/www.convotis.com\/es\/wp-json\/wp\/v2\/categories?post=44665"},{"taxonomy":"post_tag","embeddable":true,"href":"https:\/\/www.convotis.com\/es\/wp-json\/wp\/v2\/tags?post=44665"}],"curies":[{"name":"wp","href":"https:\/\/api.w.org\/{rel}","templated":true}]}}