{"id":45098,"date":"2025-06-18T08:07:10","date_gmt":"2025-06-18T06:07:10","guid":{"rendered":"https:\/\/stage2.convotis.com\/es\/?p=45098"},"modified":"2025-08-18T08:08:34","modified_gmt":"2025-08-18T06:08:34","slug":"convotis-da-la-bienvenida-a-teralco-devcenter-como-su-ultima-incorporacion","status":"publish","type":"post","link":"https:\/\/www.convotis.com\/es\/news\/convotis-da-la-bienvenida-a-teralco-devcenter-como-su-ultima-incorporacion\/","title":{"rendered":"CONVOTIS da la bienvenida a Teralco &#038; DevCenter como su \u00faltima incorporaci\u00f3n."},"content":{"rendered":"<h2>CONVOTIS entra en el mercado espa\u00f1ol de TI con la adquisici\u00f3n de Teralco y DevCenter, ampliando su cartera en el \u00e1mbito de los datos y la IA.<\/h2>\n<p>Teralco &amp; DevCenter, con algo m\u00e1s de 200 empleados y sede en Alicante, Espa\u00f1a, representa una mejora significativa para la cartera de CONVOTIS. Su experiencia en \u00e1reas de vanguardia como Modernizaci\u00f3n y Desarrollo de Aplicaciones, Data Analytics, y la implementaci\u00f3n de Data Science e IA, complementa perfectamente la oferta actual de CONVOTIS. La amplia experiencia de Teralco &amp; DevCenter y su enfoque en soluciones de TI innovadoras los posicionan como una fuerza impulsora en el din\u00e1mico mercado tecnol\u00f3gico.<\/p>\n<p>Esta adquisici\u00f3n no s\u00f3lo ampl\u00eda nuestras competencias b\u00e1sicas en el \u00e1mbito de los datos y la IA, sino que tambi\u00e9n abre nuevas perspectivas en t\u00e9rminos de desarrollo de mercado y diversificaci\u00f3n de clientes&#8221;. El profundo conocimiento y las relaciones establecidas de Teralco &amp; DevCenter refuerzan nuestra presencia en Europa y nos proporcionan una excelente plataforma para diversificar y profundizar a\u00fan m\u00e1s nuestra oferta de servicios&#8221;.<\/p>\n<h2>Acerca de Teralco &amp; DevCenter:<\/h2>\n<p>Desde su creaci\u00f3n hace m\u00e1s de 20 a\u00f1os, tanto Teralco como DevCenter se han consolidado como expertos l\u00edderes en el \u00e1mbito de los datos y la IA. Juntos, el equipo de m\u00e1s de 220 personas aporta una amplia experiencia en soluciones inform\u00e1ticas modernas y se centra en la implementaci\u00f3n de tecnolog\u00edas de vanguardia.<\/p>\n<p>&#8220;Con la adquisici\u00f3n de Teralco &amp; DevCenter, logramos un progreso significativo en nuestro enfoque hacia las tendencias futuras en Data &amp; AI. Esta integraci\u00f3n nos permite ampliar nuestra cartera de servicios con soluciones innovadoras y con visi\u00f3n de futuro. Esto no solo refuerza nuestra oferta, sino tambi\u00e9n nuestra posici\u00f3n como empresa de servicios de TI l\u00edder en el mercado europeo de TI.&#8221;<\/p>\n<p>(Manuel Ebner y Andreas Kiefer, directores generales de CONVOTIS)<\/p>\n","protected":false},"excerpt":{"rendered":"<p>CONVOTIS entra en el mercado espa\u00f1ol de TI con la adquisici\u00f3n de Teralco y DevCenter, ampliando su cartera en el \u00e1mbito de los datos y la IA. Teralco &amp; DevCenter, con algo m\u00e1s de 200 empleados y sede en Alicante, Espa\u00f1a, representa una mejora significativa para la cartera de CONVOTIS. Su experiencia en \u00e1reas de [&hellip;]<\/p>\n","protected":false},"author":15,"featured_media":29104,"comment_status":"closed","ping_status":"closed","sticky":false,"template":"","format":"standard","meta":{"_acf_changed":false,"content-type":"","footnotes":""},"categories":[982],"tags":[],"class_list":["post-45098","post","type-post","status-publish","format-standard","has-post-thumbnail","hentry","category-about-convotis-es"],"acf":[],"yoast_head":"<!-- This site is optimized with the Yoast SEO Premium plugin v27.4 (Yoast SEO v27.4) - https:\/\/yoast.com\/product\/yoast-seo-premium-wordpress\/ -->\n<title>CONVOTIS da la bienvenida a Teralco &amp; DevCenter<\/title>\n<meta name=\"description\" content=\"CONVOTIS entra en el mercado espa\u00f1ol TI con la adquisici\u00f3n de Teralco &amp; DevCenter, ampliando as\u00ed su cartera en el sector de los datos y la IA\" \/>\n<meta name=\"robots\" content=\"index, follow, max-snippet:-1, max-image-preview:large, max-video-preview:-1\" \/>\n<link rel=\"canonical\" href=\"https:\/\/www.convotis.com\/es\/news\/convotis-da-la-bienvenida-a-teralco-devcenter-como-su-ultima-incorporacion\/\" \/>\n<meta property=\"og:locale\" content=\"en_US\" \/>\n<meta property=\"og:type\" content=\"article\" \/>\n<meta property=\"og:title\" content=\"CONVOTIS da la bienvenida a Teralco &amp; DevCenter\" \/>\n<meta property=\"og:description\" content=\"CONVOTIS entra en el mercado espa\u00f1ol TI con la adquisici\u00f3n de Teralco &amp; DevCenter, ampliando as\u00ed su cartera en el sector de los datos y la IA\" \/>\n<meta property=\"og:url\" content=\"https:\/\/www.convotis.com\/es\/news\/convotis-da-la-bienvenida-a-teralco-devcenter-como-su-ultima-incorporacion\/\" \/>\n<meta property=\"og:site_name\" content=\"CONVOTIS Iberia\" \/>\n<meta property=\"article:published_time\" content=\"2025-06-18T06:07:10+00:00\" \/>\n<meta property=\"article:modified_time\" content=\"2025-08-18T06:08:34+00:00\" \/>\n<meta property=\"og:image\" content=\"https:\/\/www.convotis.com\/es\/wp-content\/uploads\/sites\/3\/2024\/01\/CONVOTIS-begruesst-Teralco-DevCenter-.png\" \/>\n\t<meta property=\"og:image:width\" content=\"1090\" \/>\n\t<meta property=\"og:image:height\" content=\"670\" \/>\n\t<meta property=\"og:image:type\" content=\"image\/png\" \/>\n<meta name=\"author\" content=\"nicolasarnedo\" \/>\n<meta name=\"twitter:card\" content=\"summary_large_image\" \/>\n<meta name=\"twitter:label1\" content=\"Written by\" \/>\n\t<meta name=\"twitter:data1\" content=\"nicolasarnedo\" \/>\n\t<meta name=\"twitter:label2\" content=\"Est. reading time\" \/>\n\t<meta name=\"twitter:data2\" content=\"2 minutes\" \/>\n<script type=\"application\/ld+json\" class=\"yoast-schema-graph\">{\"@context\":\"https:\\\/\\\/schema.org\",\"@graph\":[{\"@type\":\"Article\",\"@id\":\"https:\\\/\\\/www.convotis.com\\\/es\\\/news\\\/convotis-da-la-bienvenida-a-teralco-devcenter-como-su-ultima-incorporacion\\\/#article\",\"isPartOf\":{\"@id\":\"https:\\\/\\\/www.convotis.com\\\/es\\\/news\\\/convotis-da-la-bienvenida-a-teralco-devcenter-como-su-ultima-incorporacion\\\/\"},\"author\":{\"name\":\"nicolasarnedo\",\"@id\":\"https:\\\/\\\/www.convotis.com\\\/es\\\/#\\\/schema\\\/person\\\/64b3ec0606b608186ce5971e621c518d\"},\"headline\":\"CONVOTIS da la bienvenida a Teralco &#038; DevCenter como su \u00faltima incorporaci\u00f3n.\",\"datePublished\":\"2025-06-18T06:07:10+00:00\",\"dateModified\":\"2025-08-18T06:08:34+00:00\",\"mainEntityOfPage\":{\"@id\":\"https:\\\/\\\/www.convotis.com\\\/es\\\/news\\\/convotis-da-la-bienvenida-a-teralco-devcenter-como-su-ultima-incorporacion\\\/\"},\"wordCount\":339,\"publisher\":{\"@id\":\"https:\\\/\\\/www.convotis.com\\\/es\\\/#organization\"},\"image\":{\"@id\":\"https:\\\/\\\/www.convotis.com\\\/es\\\/news\\\/convotis-da-la-bienvenida-a-teralco-devcenter-como-su-ultima-incorporacion\\\/#primaryimage\"},\"thumbnailUrl\":\"https:\\\/\\\/www.convotis.com\\\/es\\\/wp-content\\\/uploads\\\/sites\\\/3\\\/2024\\\/01\\\/CONVOTIS-begruesst-Teralco-DevCenter-.png\",\"articleSection\":[\"About CONVOTIS\"],\"inLanguage\":\"en-US\"},{\"@type\":\"WebPage\",\"@id\":\"https:\\\/\\\/www.convotis.com\\\/es\\\/news\\\/convotis-da-la-bienvenida-a-teralco-devcenter-como-su-ultima-incorporacion\\\/\",\"url\":\"https:\\\/\\\/www.convotis.com\\\/es\\\/news\\\/convotis-da-la-bienvenida-a-teralco-devcenter-como-su-ultima-incorporacion\\\/\",\"name\":\"CONVOTIS da la bienvenida a Teralco & DevCenter\",\"isPartOf\":{\"@id\":\"https:\\\/\\\/www.convotis.com\\\/es\\\/#website\"},\"primaryImageOfPage\":{\"@id\":\"https:\\\/\\\/www.convotis.com\\\/es\\\/news\\\/convotis-da-la-bienvenida-a-teralco-devcenter-como-su-ultima-incorporacion\\\/#primaryimage\"},\"image\":{\"@id\":\"https:\\\/\\\/www.convotis.com\\\/es\\\/news\\\/convotis-da-la-bienvenida-a-teralco-devcenter-como-su-ultima-incorporacion\\\/#primaryimage\"},\"thumbnailUrl\":\"https:\\\/\\\/www.convotis.com\\\/es\\\/wp-content\\\/uploads\\\/sites\\\/3\\\/2024\\\/01\\\/CONVOTIS-begruesst-Teralco-DevCenter-.png\",\"datePublished\":\"2025-06-18T06:07:10+00:00\",\"dateModified\":\"2025-08-18T06:08:34+00:00\",\"description\":\"CONVOTIS entra en el mercado espa\u00f1ol TI con la adquisici\u00f3n de Teralco & DevCenter, ampliando as\u00ed su cartera en el sector de los datos y la IA\",\"inLanguage\":\"en-US\",\"potentialAction\":[{\"@type\":\"ReadAction\",\"target\":[\"https:\\\/\\\/www.convotis.com\\\/es\\\/news\\\/convotis-da-la-bienvenida-a-teralco-devcenter-como-su-ultima-incorporacion\\\/\"]}]},{\"@type\":\"ImageObject\",\"inLanguage\":\"en-US\",\"@id\":\"https:\\\/\\\/www.convotis.com\\\/es\\\/news\\\/convotis-da-la-bienvenida-a-teralco-devcenter-como-su-ultima-incorporacion\\\/#primaryimage\",\"url\":\"https:\\\/\\\/www.convotis.com\\\/es\\\/wp-content\\\/uploads\\\/sites\\\/3\\\/2024\\\/01\\\/CONVOTIS-begruesst-Teralco-DevCenter-.png\",\"contentUrl\":\"https:\\\/\\\/www.convotis.com\\\/es\\\/wp-content\\\/uploads\\\/sites\\\/3\\\/2024\\\/01\\\/CONVOTIS-begruesst-Teralco-DevCenter-.png\",\"width\":1090,\"height\":670,\"caption\":\"Two business professionals seated at a table with a signed agreement \u2013 symbolizing the integration of Teralco and DevCenter into the CONVOTIS Group.\"},{\"@type\":\"WebSite\",\"@id\":\"https:\\\/\\\/www.convotis.com\\\/es\\\/#website\",\"url\":\"https:\\\/\\\/www.convotis.com\\\/es\\\/\",\"name\":\"CONVOTIS\",\"description\":\"For Europe&#039;s digital future.\",\"publisher\":{\"@id\":\"https:\\\/\\\/www.convotis.com\\\/es\\\/#organization\"},\"potentialAction\":[{\"@type\":\"SearchAction\",\"target\":{\"@type\":\"EntryPoint\",\"urlTemplate\":\"https:\\\/\\\/www.convotis.com\\\/es\\\/?s={search_term_string}\"},\"query-input\":{\"@type\":\"PropertyValueSpecification\",\"valueRequired\":true,\"valueName\":\"search_term_string\"}}],\"inLanguage\":\"en-US\"},{\"@type\":\"Organization\",\"@id\":\"https:\\\/\\\/www.convotis.com\\\/es\\\/#organization\",\"name\":\"CONVOTIS\",\"url\":\"https:\\\/\\\/www.convotis.com\\\/es\\\/\",\"logo\":{\"@type\":\"ImageObject\",\"inLanguage\":\"en-US\",\"@id\":\"https:\\\/\\\/www.convotis.com\\\/es\\\/#\\\/schema\\\/logo\\\/image\\\/\",\"url\":\"https:\\\/\\\/www.convotis.com\\\/es\\\/wp-content\\\/uploads\\\/sites\\\/3\\\/2025\\\/08\\\/Convotis_blue_cmyk300dpi-scaled.png\",\"contentUrl\":\"https:\\\/\\\/www.convotis.com\\\/es\\\/wp-content\\\/uploads\\\/sites\\\/3\\\/2025\\\/08\\\/Convotis_blue_cmyk300dpi-scaled.png\",\"width\":2560,\"height\":411,\"caption\":\"CONVOTIS\"},\"image\":{\"@id\":\"https:\\\/\\\/www.convotis.com\\\/es\\\/#\\\/schema\\\/logo\\\/image\\\/\"},\"sameAs\":[\"https:\\\/\\\/www.linkedin.com\\\/company\\\/convotis-gmbh\\\/\"]},{\"@type\":\"Person\",\"@id\":\"https:\\\/\\\/www.convotis.com\\\/es\\\/#\\\/schema\\\/person\\\/64b3ec0606b608186ce5971e621c518d\",\"name\":\"nicolasarnedo\",\"image\":{\"@type\":\"ImageObject\",\"inLanguage\":\"en-US\",\"@id\":\"https:\\\/\\\/secure.gravatar.com\\\/avatar\\\/7a9e3e28d306c1ffd8f5858fe7e9c0ead936942ee372d4e947d490d2b5c6d201?s=96&d=mm&r=g\",\"url\":\"https:\\\/\\\/secure.gravatar.com\\\/avatar\\\/7a9e3e28d306c1ffd8f5858fe7e9c0ead936942ee372d4e947d490d2b5c6d201?s=96&d=mm&r=g\",\"contentUrl\":\"https:\\\/\\\/secure.gravatar.com\\\/avatar\\\/7a9e3e28d306c1ffd8f5858fe7e9c0ead936942ee372d4e947d490d2b5c6d201?s=96&d=mm&r=g\",\"caption\":\"nicolasarnedo\"}}]}<\/script>\n<!-- \/ Yoast SEO Premium plugin. -->","yoast_head_json":{"title":"CONVOTIS da la bienvenida a Teralco & DevCenter","description":"CONVOTIS entra en el mercado espa\u00f1ol TI con la adquisici\u00f3n de Teralco & DevCenter, ampliando as\u00ed su cartera en el sector de los datos y la IA","robots":{"index":"index","follow":"follow","max-snippet":"max-snippet:-1","max-image-preview":"max-image-preview:large","max-video-preview":"max-video-preview:-1"},"canonical":"https:\/\/www.convotis.com\/es\/news\/convotis-da-la-bienvenida-a-teralco-devcenter-como-su-ultima-incorporacion\/","og_locale":"en_US","og_type":"article","og_title":"CONVOTIS da la bienvenida a Teralco & DevCenter","og_description":"CONVOTIS entra en el mercado espa\u00f1ol TI con la adquisici\u00f3n de Teralco & DevCenter, ampliando as\u00ed su cartera en el sector de los datos y la IA","og_url":"https:\/\/www.convotis.com\/es\/news\/convotis-da-la-bienvenida-a-teralco-devcenter-como-su-ultima-incorporacion\/","og_site_name":"CONVOTIS Iberia","article_published_time":"2025-06-18T06:07:10+00:00","article_modified_time":"2025-08-18T06:08:34+00:00","og_image":[{"width":1090,"height":670,"url":"https:\/\/www.convotis.com\/es\/wp-content\/uploads\/sites\/3\/2024\/01\/CONVOTIS-begruesst-Teralco-DevCenter-.png","type":"image\/png"}],"author":"nicolasarnedo","twitter_card":"summary_large_image","twitter_misc":{"Written by":"nicolasarnedo","Est. reading time":"2 minutes"},"schema":{"@context":"https:\/\/schema.org","@graph":[{"@type":"Article","@id":"https:\/\/www.convotis.com\/es\/news\/convotis-da-la-bienvenida-a-teralco-devcenter-como-su-ultima-incorporacion\/#article","isPartOf":{"@id":"https:\/\/www.convotis.com\/es\/news\/convotis-da-la-bienvenida-a-teralco-devcenter-como-su-ultima-incorporacion\/"},"author":{"name":"nicolasarnedo","@id":"https:\/\/www.convotis.com\/es\/#\/schema\/person\/64b3ec0606b608186ce5971e621c518d"},"headline":"CONVOTIS da la bienvenida a Teralco &#038; DevCenter como su \u00faltima incorporaci\u00f3n.","datePublished":"2025-06-18T06:07:10+00:00","dateModified":"2025-08-18T06:08:34+00:00","mainEntityOfPage":{"@id":"https:\/\/www.convotis.com\/es\/news\/convotis-da-la-bienvenida-a-teralco-devcenter-como-su-ultima-incorporacion\/"},"wordCount":339,"publisher":{"@id":"https:\/\/www.convotis.com\/es\/#organization"},"image":{"@id":"https:\/\/www.convotis.com\/es\/news\/convotis-da-la-bienvenida-a-teralco-devcenter-como-su-ultima-incorporacion\/#primaryimage"},"thumbnailUrl":"https:\/\/www.convotis.com\/es\/wp-content\/uploads\/sites\/3\/2024\/01\/CONVOTIS-begruesst-Teralco-DevCenter-.png","articleSection":["About CONVOTIS"],"inLanguage":"en-US"},{"@type":"WebPage","@id":"https:\/\/www.convotis.com\/es\/news\/convotis-da-la-bienvenida-a-teralco-devcenter-como-su-ultima-incorporacion\/","url":"https:\/\/www.convotis.com\/es\/news\/convotis-da-la-bienvenida-a-teralco-devcenter-como-su-ultima-incorporacion\/","name":"CONVOTIS da la bienvenida a Teralco & DevCenter","isPartOf":{"@id":"https:\/\/www.convotis.com\/es\/#website"},"primaryImageOfPage":{"@id":"https:\/\/www.convotis.com\/es\/news\/convotis-da-la-bienvenida-a-teralco-devcenter-como-su-ultima-incorporacion\/#primaryimage"},"image":{"@id":"https:\/\/www.convotis.com\/es\/news\/convotis-da-la-bienvenida-a-teralco-devcenter-como-su-ultima-incorporacion\/#primaryimage"},"thumbnailUrl":"https:\/\/www.convotis.com\/es\/wp-content\/uploads\/sites\/3\/2024\/01\/CONVOTIS-begruesst-Teralco-DevCenter-.png","datePublished":"2025-06-18T06:07:10+00:00","dateModified":"2025-08-18T06:08:34+00:00","description":"CONVOTIS entra en el mercado espa\u00f1ol TI con la adquisici\u00f3n de Teralco & DevCenter, ampliando as\u00ed su cartera en el sector de los datos y la IA","inLanguage":"en-US","potentialAction":[{"@type":"ReadAction","target":["https:\/\/www.convotis.com\/es\/news\/convotis-da-la-bienvenida-a-teralco-devcenter-como-su-ultima-incorporacion\/"]}]},{"@type":"ImageObject","inLanguage":"en-US","@id":"https:\/\/www.convotis.com\/es\/news\/convotis-da-la-bienvenida-a-teralco-devcenter-como-su-ultima-incorporacion\/#primaryimage","url":"https:\/\/www.convotis.com\/es\/wp-content\/uploads\/sites\/3\/2024\/01\/CONVOTIS-begruesst-Teralco-DevCenter-.png","contentUrl":"https:\/\/www.convotis.com\/es\/wp-content\/uploads\/sites\/3\/2024\/01\/CONVOTIS-begruesst-Teralco-DevCenter-.png","width":1090,"height":670,"caption":"Two business professionals seated at a table with a signed agreement \u2013 symbolizing the integration of Teralco and DevCenter into the CONVOTIS Group."},{"@type":"WebSite","@id":"https:\/\/www.convotis.com\/es\/#website","url":"https:\/\/www.convotis.com\/es\/","name":"CONVOTIS","description":"For Europe&#039;s digital future.","publisher":{"@id":"https:\/\/www.convotis.com\/es\/#organization"},"potentialAction":[{"@type":"SearchAction","target":{"@type":"EntryPoint","urlTemplate":"https:\/\/www.convotis.com\/es\/?s={search_term_string}"},"query-input":{"@type":"PropertyValueSpecification","valueRequired":true,"valueName":"search_term_string"}}],"inLanguage":"en-US"},{"@type":"Organization","@id":"https:\/\/www.convotis.com\/es\/#organization","name":"CONVOTIS","url":"https:\/\/www.convotis.com\/es\/","logo":{"@type":"ImageObject","inLanguage":"en-US","@id":"https:\/\/www.convotis.com\/es\/#\/schema\/logo\/image\/","url":"https:\/\/www.convotis.com\/es\/wp-content\/uploads\/sites\/3\/2025\/08\/Convotis_blue_cmyk300dpi-scaled.png","contentUrl":"https:\/\/www.convotis.com\/es\/wp-content\/uploads\/sites\/3\/2025\/08\/Convotis_blue_cmyk300dpi-scaled.png","width":2560,"height":411,"caption":"CONVOTIS"},"image":{"@id":"https:\/\/www.convotis.com\/es\/#\/schema\/logo\/image\/"},"sameAs":["https:\/\/www.linkedin.com\/company\/convotis-gmbh\/"]},{"@type":"Person","@id":"https:\/\/www.convotis.com\/es\/#\/schema\/person\/64b3ec0606b608186ce5971e621c518d","name":"nicolasarnedo","image":{"@type":"ImageObject","inLanguage":"en-US","@id":"https:\/\/secure.gravatar.com\/avatar\/7a9e3e28d306c1ffd8f5858fe7e9c0ead936942ee372d4e947d490d2b5c6d201?s=96&d=mm&r=g","url":"https:\/\/secure.gravatar.com\/avatar\/7a9e3e28d306c1ffd8f5858fe7e9c0ead936942ee372d4e947d490d2b5c6d201?s=96&d=mm&r=g","contentUrl":"https:\/\/secure.gravatar.com\/avatar\/7a9e3e28d306c1ffd8f5858fe7e9c0ead936942ee372d4e947d490d2b5c6d201?s=96&d=mm&r=g","caption":"nicolasarnedo"}}]}},"_links":{"self":[{"href":"https:\/\/www.convotis.com\/es\/wp-json\/wp\/v2\/posts\/45098","targetHints":{"allow":["GET"]}}],"collection":[{"href":"https:\/\/www.convotis.com\/es\/wp-json\/wp\/v2\/posts"}],"about":[{"href":"https:\/\/www.convotis.com\/es\/wp-json\/wp\/v2\/types\/post"}],"author":[{"embeddable":true,"href":"https:\/\/www.convotis.com\/es\/wp-json\/wp\/v2\/users\/15"}],"replies":[{"embeddable":true,"href":"https:\/\/www.convotis.com\/es\/wp-json\/wp\/v2\/comments?post=45098"}],"version-history":[{"count":2,"href":"https:\/\/www.convotis.com\/es\/wp-json\/wp\/v2\/posts\/45098\/revisions"}],"predecessor-version":[{"id":45101,"href":"https:\/\/www.convotis.com\/es\/wp-json\/wp\/v2\/posts\/45098\/revisions\/45101"}],"wp:featuredmedia":[{"embeddable":true,"href":"https:\/\/www.convotis.com\/es\/wp-json\/wp\/v2\/media\/29104"}],"wp:attachment":[{"href":"https:\/\/www.convotis.com\/es\/wp-json\/wp\/v2\/media?parent=45098"}],"wp:term":[{"taxonomy":"category","embeddable":true,"href":"https:\/\/www.convotis.com\/es\/wp-json\/wp\/v2\/categories?post=45098"},{"taxonomy":"post_tag","embeddable":true,"href":"https:\/\/www.convotis.com\/es\/wp-json\/wp\/v2\/tags?post=45098"}],"curies":[{"name":"wp","href":"https:\/\/api.w.org\/{rel}","templated":true}]}}