{"id":45988,"date":"2025-08-20T11:47:46","date_gmt":"2025-08-20T09:47:46","guid":{"rendered":"https:\/\/stage2.convotis.com\/es\/?p=45988"},"modified":"2025-08-20T11:51:59","modified_gmt":"2025-08-20T09:51:59","slug":"lo-que-de-verdad-cuenta-en-la-accesibilidad-digital","status":"publish","type":"post","link":"https:\/\/www.convotis.com\/es\/news\/lo-que-de-verdad-cuenta-en-la-accesibilidad-digital\/","title":{"rendered":"Lo que de verdad cuenta en la accesibilidad digital\u200b"},"content":{"rendered":"<h2>Hacer accesibles y conformes plataformas, portales y aplicaciones especializadas<\/h2>\n<p>La accesibilidad digital es un requisito clave en el desarrollo de software a medida, no s\u00f3lo en el sector p\u00fablico, sino cada vez m\u00e1s en las industrias reguladas y el comercio electr\u00f3nico. Cualquiera que desarrolle portales, plataformas o aplicaciones especializadas debe integrar criterios de accesibilidad en la arquitectura y el dise\u00f1o. De este modo se garantiza que las experiencias de usuario accesibles no supongan un retoque, sino que formen parte integrante de la soluci\u00f3n.<\/p>\n<h2>Especificaciones claras a trav\u00e9s de la legislaci\u00f3n y las normas<\/h2>\n<p>La <a href=\"https:\/\/commission.europa.eu\/strategy-and-policy\/policies\/justice-and-fundamental-rights\/disability\/union-equality-strategy-rights-persons-disabilities-2021-2030\/european-accessibility-act_en?prefLang=de\" target=\"_blank\" rel=\"noopener\"><strong>Ley Europea de Accesibilidad (EAA<\/strong><\/a> ) har\u00e1 obligatoria la accesibilidad digital en muchos sectores a partir de 2025. Adem\u00e1s de la administraci\u00f3n p\u00fablica, tambi\u00e9n estar\u00e1n obligadas a aplicarla las empresas del comercio minorista, el transporte, las finanzas y los servicios en l\u00ednea. En Alemania, la normativa <strong>BITV 2.0<\/strong> tambi\u00e9n se aplica a los organismos p\u00fablicos.<\/p>\n<p>El objetivo es garantizar un acceso no discriminatorio a los servicios digitales, independientemente de las deficiencias visuales, auditivas, motoras o cognitivas. Las <strong>Pautas de Accesibilidad al Contenido en la Web (WCAG 2.1)<\/strong> son especialmente importantes para su aplicaci\u00f3n. Definen requisitos en los \u00e1mbitos de perceptibilidad, usabilidad, comprensibilidad y solidez.<\/p>\n<h2>Cumplir los requisitos de accesibilidad en el software personalizado<\/h2>\n<p>La accesibilidad digital no empieza con un plugin, sino con procesos estructurados: La accesibilidad debe tenerse en cuenta a lo largo de la definici\u00f3n de requisitos, los sistemas de dise\u00f1o, la arquitectura del software y el desarrollo front-end.<\/p>\n<h3>Principios t\u00e9cnicos importantes:<\/h3>\n<ul>\n<li>Sem\u00e1ntica limpia en el marcado, complementada con roles y atributos ARIA<\/li>\n<li>Operabilidad con el teclado y<span style=\"color: inherit; font-family: inherit;\"> orientaci\u00f3n<\/span> comprensible<span style=\"color: inherit; font-family: inherit;\"> en componentes complejos de la interfaz de usuario<\/span><\/li>\n<li>Compatibilidad con lectores de pantalla incluso con contenidos din\u00e1micos (por ejemplo, modales o desplegables)<\/li>\n<li>Formularios v\u00e1lidos con asignaci\u00f3n de etiquetas, visualizaci\u00f3n de errores y textos de ayuda relacionados con el contexto<\/li>\n<li>Dise\u00f1o adaptable con alto contraste de colores y capacidad de zoom<\/li>\n<li>Fallbacks para tecnolog\u00edas de asistencia y tipos de entrada flexibles<\/li>\n<\/ul>\n<p>Con frameworks como Angular, React o Vue, las medidas de accesibilidad deben tenerse en cuenta conscientemente en el dise\u00f1o de los componentes y probarse regularmente, por ejemplo, con herramientas como axe-core, pa11y o Lighthouse.<\/p>\n<h2>La accesibilidad como parte de la calidad del software<\/h2>\n<p>La accesibilidad digital no s\u00f3lo mejora la usabilidad para las personas con discapacidad, sino que tambi\u00e9n aumenta la calidad t\u00e9cnica, el mantenimiento y la usabilidad para todos. Las aplicaciones con una estructura clara, c\u00f3digo sem\u00e1nticamente correcto e interacciones comprensibles son m\u00e1s estables, funcionan mejor y est\u00e1n preparadas para el futuro.<\/p>\n<p>Al mismo tiempo, la accesibilidad se est\u00e1 convirtiendo en un factor econ\u00f3mico: desde hace tiempo es obligatoria en los concursos p\u00fablicos, y en cada vez m\u00e1s industrias se est\u00e1 convirtiendo en un requisito previo para el cumplimiento de la normativa, las certificaciones y la expansi\u00f3n internacional.<\/p>\n<h2>Nuestro enfoque en CONVOTIS<\/h2>\n<p>Desarrollamos aplicaciones a medida dise\u00f1adas para la accesibilidad digital desde el principio, desde el punto de vista profesional, t\u00e9cnico y jur\u00eddico. Nuestras soluciones no s\u00f3lo cumplen los requisitos WCAG y BITV, sino que tambi\u00e9n pueden integrarse perfectamente en los sistemas existentes, ya sean plataformas, aplicaciones especializadas o portales de clientes con capacidad de respuesta.<\/p>\n<p>Gracias a nuestra profunda experiencia en arquitectura accesible, desarrollo front-end y pruebas de accesibilidad automatizadas, creamos soluciones sostenibles, mantenibles e inclusivas a largo plazo.<\/p>\n<h2>T\u00e9cnicamente accesibles. Estrat\u00e9gicamente preparadas para el futuro.<\/h2>\n<p>La accesibilidad digital no es una cuesti\u00f3n secundaria, sino parte integrante de una arquitectura de software sostenible. Cualquiera que desarrolle aplicaciones digitales hoy en d\u00eda deber\u00eda ver la accesibilidad no como una obligaci\u00f3n, sino como un factor de calidad, e integrarla sistem\u00e1ticamente en el proceso de desarrollo.<\/p>\n","protected":false},"excerpt":{"rendered":"<p>Hacer accesibles y conformes plataformas, portales y aplicaciones especializadas La accesibilidad digital es un requisito clave en el desarrollo de software a medida, no s\u00f3lo en el sector p\u00fablico, sino cada vez m\u00e1s en las industrias reguladas y el comercio electr\u00f3nico. Cualquiera que desarrolle portales, plataformas o aplicaciones especializadas debe integrar criterios de accesibilidad en [&hellip;]<\/p>\n","protected":false},"author":15,"featured_media":36820,"comment_status":"closed","ping_status":"closed","sticky":false,"template":"","format":"standard","meta":{"_acf_changed":false,"content-type":"","footnotes":""},"categories":[990],"tags":[],"class_list":["post-45988","post","type-post","status-publish","format-standard","has-post-thumbnail","hentry","category-digital-transformation-es"],"acf":[],"yoast_head":"<!-- This site is optimized with the Yoast SEO Premium plugin v27.4 (Yoast SEO v27.4) - https:\/\/yoast.com\/product\/yoast-seo-premium-wordpress\/ -->\n<title>Lo que de verdad cuenta en la accesibilidad digital\u200b<\/title>\n<meta name=\"description\" content=\"Descubre qu\u00e9 requisitos, normas y medidas t\u00e9cnicas deben cumplirse para que las aplicaciones digitales sean accesibles.\" \/>\n<meta name=\"robots\" content=\"index, follow, max-snippet:-1, max-image-preview:large, max-video-preview:-1\" \/>\n<link rel=\"canonical\" href=\"https:\/\/www.convotis.com\/es\/news\/lo-que-de-verdad-cuenta-en-la-accesibilidad-digital\/\" \/>\n<meta property=\"og:locale\" content=\"en_US\" \/>\n<meta property=\"og:type\" content=\"article\" \/>\n<meta property=\"og:title\" content=\"Lo que de verdad cuenta en la accesibilidad digital\u200b\" \/>\n<meta property=\"og:description\" content=\"Descubre qu\u00e9 requisitos, normas y medidas t\u00e9cnicas deben cumplirse para que las aplicaciones digitales sean accesibles.\" \/>\n<meta property=\"og:url\" content=\"https:\/\/www.convotis.com\/es\/news\/lo-que-de-verdad-cuenta-en-la-accesibilidad-digital\/\" \/>\n<meta property=\"og:site_name\" content=\"CONVOTIS Iberia\" \/>\n<meta property=\"article:published_time\" content=\"2025-08-20T09:47:46+00:00\" \/>\n<meta property=\"article:modified_time\" content=\"2025-08-20T09:51:59+00:00\" \/>\n<meta property=\"og:image\" content=\"https:\/\/www.convotis.com\/es\/wp-content\/uploads\/sites\/3\/2025\/07\/Digital-Accessibility.png\" \/>\n\t<meta property=\"og:image:width\" content=\"1090\" \/>\n\t<meta property=\"og:image:height\" content=\"670\" \/>\n\t<meta property=\"og:image:type\" content=\"image\/png\" \/>\n<meta name=\"author\" content=\"nicolasarnedo\" \/>\n<meta name=\"twitter:card\" content=\"summary_large_image\" \/>\n<meta name=\"twitter:label1\" content=\"Written by\" \/>\n\t<meta name=\"twitter:data1\" content=\"nicolasarnedo\" \/>\n\t<meta name=\"twitter:label2\" content=\"Est. reading time\" \/>\n\t<meta name=\"twitter:data2\" content=\"3 minutes\" \/>\n<script type=\"application\/ld+json\" class=\"yoast-schema-graph\">{\"@context\":\"https:\\\/\\\/schema.org\",\"@graph\":[{\"@type\":\"Article\",\"@id\":\"https:\\\/\\\/www.convotis.com\\\/es\\\/news\\\/lo-que-de-verdad-cuenta-en-la-accesibilidad-digital\\\/#article\",\"isPartOf\":{\"@id\":\"https:\\\/\\\/www.convotis.com\\\/es\\\/news\\\/lo-que-de-verdad-cuenta-en-la-accesibilidad-digital\\\/\"},\"author\":{\"name\":\"nicolasarnedo\",\"@id\":\"https:\\\/\\\/www.convotis.com\\\/es\\\/#\\\/schema\\\/person\\\/64b3ec0606b608186ce5971e621c518d\"},\"headline\":\"Lo que de verdad cuenta en la accesibilidad digital\u200b\",\"datePublished\":\"2025-08-20T09:47:46+00:00\",\"dateModified\":\"2025-08-20T09:51:59+00:00\",\"mainEntityOfPage\":{\"@id\":\"https:\\\/\\\/www.convotis.com\\\/es\\\/news\\\/lo-que-de-verdad-cuenta-en-la-accesibilidad-digital\\\/\"},\"wordCount\":659,\"publisher\":{\"@id\":\"https:\\\/\\\/www.convotis.com\\\/es\\\/#organization\"},\"image\":{\"@id\":\"https:\\\/\\\/www.convotis.com\\\/es\\\/news\\\/lo-que-de-verdad-cuenta-en-la-accesibilidad-digital\\\/#primaryimage\"},\"thumbnailUrl\":\"https:\\\/\\\/www.convotis.com\\\/es\\\/wp-content\\\/uploads\\\/sites\\\/3\\\/2025\\\/07\\\/Digital-Accessibility.png\",\"articleSection\":[\"Digital Transformation\"],\"inLanguage\":\"en-US\"},{\"@type\":\"WebPage\",\"@id\":\"https:\\\/\\\/www.convotis.com\\\/es\\\/news\\\/lo-que-de-verdad-cuenta-en-la-accesibilidad-digital\\\/\",\"url\":\"https:\\\/\\\/www.convotis.com\\\/es\\\/news\\\/lo-que-de-verdad-cuenta-en-la-accesibilidad-digital\\\/\",\"name\":\"Lo que de verdad cuenta en la accesibilidad digital\u200b\",\"isPartOf\":{\"@id\":\"https:\\\/\\\/www.convotis.com\\\/es\\\/#website\"},\"primaryImageOfPage\":{\"@id\":\"https:\\\/\\\/www.convotis.com\\\/es\\\/news\\\/lo-que-de-verdad-cuenta-en-la-accesibilidad-digital\\\/#primaryimage\"},\"image\":{\"@id\":\"https:\\\/\\\/www.convotis.com\\\/es\\\/news\\\/lo-que-de-verdad-cuenta-en-la-accesibilidad-digital\\\/#primaryimage\"},\"thumbnailUrl\":\"https:\\\/\\\/www.convotis.com\\\/es\\\/wp-content\\\/uploads\\\/sites\\\/3\\\/2025\\\/07\\\/Digital-Accessibility.png\",\"datePublished\":\"2025-08-20T09:47:46+00:00\",\"dateModified\":\"2025-08-20T09:51:59+00:00\",\"description\":\"Descubre qu\u00e9 requisitos, normas y medidas t\u00e9cnicas deben cumplirse para que las aplicaciones digitales sean accesibles.\",\"inLanguage\":\"en-US\",\"potentialAction\":[{\"@type\":\"ReadAction\",\"target\":[\"https:\\\/\\\/www.convotis.com\\\/es\\\/news\\\/lo-que-de-verdad-cuenta-en-la-accesibilidad-digital\\\/\"]}]},{\"@type\":\"ImageObject\",\"inLanguage\":\"en-US\",\"@id\":\"https:\\\/\\\/www.convotis.com\\\/es\\\/news\\\/lo-que-de-verdad-cuenta-en-la-accesibilidad-digital\\\/#primaryimage\",\"url\":\"https:\\\/\\\/www.convotis.com\\\/es\\\/wp-content\\\/uploads\\\/sites\\\/3\\\/2025\\\/07\\\/Digital-Accessibility.png\",\"contentUrl\":\"https:\\\/\\\/www.convotis.com\\\/es\\\/wp-content\\\/uploads\\\/sites\\\/3\\\/2025\\\/07\\\/Digital-Accessibility.png\",\"width\":1090,\"height\":670,\"caption\":\"Team discussing UX wireframes and mobile app interfaces during a workshop on digital accessibility and inclusive design.\"},{\"@type\":\"WebSite\",\"@id\":\"https:\\\/\\\/www.convotis.com\\\/es\\\/#website\",\"url\":\"https:\\\/\\\/www.convotis.com\\\/es\\\/\",\"name\":\"CONVOTIS\",\"description\":\"For Europe&#039;s digital future.\",\"publisher\":{\"@id\":\"https:\\\/\\\/www.convotis.com\\\/es\\\/#organization\"},\"potentialAction\":[{\"@type\":\"SearchAction\",\"target\":{\"@type\":\"EntryPoint\",\"urlTemplate\":\"https:\\\/\\\/www.convotis.com\\\/es\\\/?s={search_term_string}\"},\"query-input\":{\"@type\":\"PropertyValueSpecification\",\"valueRequired\":true,\"valueName\":\"search_term_string\"}}],\"inLanguage\":\"en-US\"},{\"@type\":\"Organization\",\"@id\":\"https:\\\/\\\/www.convotis.com\\\/es\\\/#organization\",\"name\":\"CONVOTIS\",\"url\":\"https:\\\/\\\/www.convotis.com\\\/es\\\/\",\"logo\":{\"@type\":\"ImageObject\",\"inLanguage\":\"en-US\",\"@id\":\"https:\\\/\\\/www.convotis.com\\\/es\\\/#\\\/schema\\\/logo\\\/image\\\/\",\"url\":\"https:\\\/\\\/www.convotis.com\\\/es\\\/wp-content\\\/uploads\\\/sites\\\/3\\\/2025\\\/08\\\/Convotis_blue_cmyk300dpi-scaled.png\",\"contentUrl\":\"https:\\\/\\\/www.convotis.com\\\/es\\\/wp-content\\\/uploads\\\/sites\\\/3\\\/2025\\\/08\\\/Convotis_blue_cmyk300dpi-scaled.png\",\"width\":2560,\"height\":411,\"caption\":\"CONVOTIS\"},\"image\":{\"@id\":\"https:\\\/\\\/www.convotis.com\\\/es\\\/#\\\/schema\\\/logo\\\/image\\\/\"},\"sameAs\":[\"https:\\\/\\\/www.linkedin.com\\\/company\\\/convotis-gmbh\\\/\"]},{\"@type\":\"Person\",\"@id\":\"https:\\\/\\\/www.convotis.com\\\/es\\\/#\\\/schema\\\/person\\\/64b3ec0606b608186ce5971e621c518d\",\"name\":\"nicolasarnedo\",\"image\":{\"@type\":\"ImageObject\",\"inLanguage\":\"en-US\",\"@id\":\"https:\\\/\\\/secure.gravatar.com\\\/avatar\\\/7a9e3e28d306c1ffd8f5858fe7e9c0ead936942ee372d4e947d490d2b5c6d201?s=96&d=mm&r=g\",\"url\":\"https:\\\/\\\/secure.gravatar.com\\\/avatar\\\/7a9e3e28d306c1ffd8f5858fe7e9c0ead936942ee372d4e947d490d2b5c6d201?s=96&d=mm&r=g\",\"contentUrl\":\"https:\\\/\\\/secure.gravatar.com\\\/avatar\\\/7a9e3e28d306c1ffd8f5858fe7e9c0ead936942ee372d4e947d490d2b5c6d201?s=96&d=mm&r=g\",\"caption\":\"nicolasarnedo\"}}]}<\/script>\n<!-- \/ Yoast SEO Premium plugin. -->","yoast_head_json":{"title":"Lo que de verdad cuenta en la accesibilidad digital\u200b","description":"Descubre qu\u00e9 requisitos, normas y medidas t\u00e9cnicas deben cumplirse para que las aplicaciones digitales sean accesibles.","robots":{"index":"index","follow":"follow","max-snippet":"max-snippet:-1","max-image-preview":"max-image-preview:large","max-video-preview":"max-video-preview:-1"},"canonical":"https:\/\/www.convotis.com\/es\/news\/lo-que-de-verdad-cuenta-en-la-accesibilidad-digital\/","og_locale":"en_US","og_type":"article","og_title":"Lo que de verdad cuenta en la accesibilidad digital\u200b","og_description":"Descubre qu\u00e9 requisitos, normas y medidas t\u00e9cnicas deben cumplirse para que las aplicaciones digitales sean accesibles.","og_url":"https:\/\/www.convotis.com\/es\/news\/lo-que-de-verdad-cuenta-en-la-accesibilidad-digital\/","og_site_name":"CONVOTIS Iberia","article_published_time":"2025-08-20T09:47:46+00:00","article_modified_time":"2025-08-20T09:51:59+00:00","og_image":[{"width":1090,"height":670,"url":"https:\/\/www.convotis.com\/es\/wp-content\/uploads\/sites\/3\/2025\/07\/Digital-Accessibility.png","type":"image\/png"}],"author":"nicolasarnedo","twitter_card":"summary_large_image","twitter_misc":{"Written by":"nicolasarnedo","Est. reading time":"3 minutes"},"schema":{"@context":"https:\/\/schema.org","@graph":[{"@type":"Article","@id":"https:\/\/www.convotis.com\/es\/news\/lo-que-de-verdad-cuenta-en-la-accesibilidad-digital\/#article","isPartOf":{"@id":"https:\/\/www.convotis.com\/es\/news\/lo-que-de-verdad-cuenta-en-la-accesibilidad-digital\/"},"author":{"name":"nicolasarnedo","@id":"https:\/\/www.convotis.com\/es\/#\/schema\/person\/64b3ec0606b608186ce5971e621c518d"},"headline":"Lo que de verdad cuenta en la accesibilidad digital\u200b","datePublished":"2025-08-20T09:47:46+00:00","dateModified":"2025-08-20T09:51:59+00:00","mainEntityOfPage":{"@id":"https:\/\/www.convotis.com\/es\/news\/lo-que-de-verdad-cuenta-en-la-accesibilidad-digital\/"},"wordCount":659,"publisher":{"@id":"https:\/\/www.convotis.com\/es\/#organization"},"image":{"@id":"https:\/\/www.convotis.com\/es\/news\/lo-que-de-verdad-cuenta-en-la-accesibilidad-digital\/#primaryimage"},"thumbnailUrl":"https:\/\/www.convotis.com\/es\/wp-content\/uploads\/sites\/3\/2025\/07\/Digital-Accessibility.png","articleSection":["Digital Transformation"],"inLanguage":"en-US"},{"@type":"WebPage","@id":"https:\/\/www.convotis.com\/es\/news\/lo-que-de-verdad-cuenta-en-la-accesibilidad-digital\/","url":"https:\/\/www.convotis.com\/es\/news\/lo-que-de-verdad-cuenta-en-la-accesibilidad-digital\/","name":"Lo que de verdad cuenta en la accesibilidad digital\u200b","isPartOf":{"@id":"https:\/\/www.convotis.com\/es\/#website"},"primaryImageOfPage":{"@id":"https:\/\/www.convotis.com\/es\/news\/lo-que-de-verdad-cuenta-en-la-accesibilidad-digital\/#primaryimage"},"image":{"@id":"https:\/\/www.convotis.com\/es\/news\/lo-que-de-verdad-cuenta-en-la-accesibilidad-digital\/#primaryimage"},"thumbnailUrl":"https:\/\/www.convotis.com\/es\/wp-content\/uploads\/sites\/3\/2025\/07\/Digital-Accessibility.png","datePublished":"2025-08-20T09:47:46+00:00","dateModified":"2025-08-20T09:51:59+00:00","description":"Descubre qu\u00e9 requisitos, normas y medidas t\u00e9cnicas deben cumplirse para que las aplicaciones digitales sean accesibles.","inLanguage":"en-US","potentialAction":[{"@type":"ReadAction","target":["https:\/\/www.convotis.com\/es\/news\/lo-que-de-verdad-cuenta-en-la-accesibilidad-digital\/"]}]},{"@type":"ImageObject","inLanguage":"en-US","@id":"https:\/\/www.convotis.com\/es\/news\/lo-que-de-verdad-cuenta-en-la-accesibilidad-digital\/#primaryimage","url":"https:\/\/www.convotis.com\/es\/wp-content\/uploads\/sites\/3\/2025\/07\/Digital-Accessibility.png","contentUrl":"https:\/\/www.convotis.com\/es\/wp-content\/uploads\/sites\/3\/2025\/07\/Digital-Accessibility.png","width":1090,"height":670,"caption":"Team discussing UX wireframes and mobile app interfaces during a workshop on digital accessibility and inclusive design."},{"@type":"WebSite","@id":"https:\/\/www.convotis.com\/es\/#website","url":"https:\/\/www.convotis.com\/es\/","name":"CONVOTIS","description":"For Europe&#039;s digital future.","publisher":{"@id":"https:\/\/www.convotis.com\/es\/#organization"},"potentialAction":[{"@type":"SearchAction","target":{"@type":"EntryPoint","urlTemplate":"https:\/\/www.convotis.com\/es\/?s={search_term_string}"},"query-input":{"@type":"PropertyValueSpecification","valueRequired":true,"valueName":"search_term_string"}}],"inLanguage":"en-US"},{"@type":"Organization","@id":"https:\/\/www.convotis.com\/es\/#organization","name":"CONVOTIS","url":"https:\/\/www.convotis.com\/es\/","logo":{"@type":"ImageObject","inLanguage":"en-US","@id":"https:\/\/www.convotis.com\/es\/#\/schema\/logo\/image\/","url":"https:\/\/www.convotis.com\/es\/wp-content\/uploads\/sites\/3\/2025\/08\/Convotis_blue_cmyk300dpi-scaled.png","contentUrl":"https:\/\/www.convotis.com\/es\/wp-content\/uploads\/sites\/3\/2025\/08\/Convotis_blue_cmyk300dpi-scaled.png","width":2560,"height":411,"caption":"CONVOTIS"},"image":{"@id":"https:\/\/www.convotis.com\/es\/#\/schema\/logo\/image\/"},"sameAs":["https:\/\/www.linkedin.com\/company\/convotis-gmbh\/"]},{"@type":"Person","@id":"https:\/\/www.convotis.com\/es\/#\/schema\/person\/64b3ec0606b608186ce5971e621c518d","name":"nicolasarnedo","image":{"@type":"ImageObject","inLanguage":"en-US","@id":"https:\/\/secure.gravatar.com\/avatar\/7a9e3e28d306c1ffd8f5858fe7e9c0ead936942ee372d4e947d490d2b5c6d201?s=96&d=mm&r=g","url":"https:\/\/secure.gravatar.com\/avatar\/7a9e3e28d306c1ffd8f5858fe7e9c0ead936942ee372d4e947d490d2b5c6d201?s=96&d=mm&r=g","contentUrl":"https:\/\/secure.gravatar.com\/avatar\/7a9e3e28d306c1ffd8f5858fe7e9c0ead936942ee372d4e947d490d2b5c6d201?s=96&d=mm&r=g","caption":"nicolasarnedo"}}]}},"_links":{"self":[{"href":"https:\/\/www.convotis.com\/es\/wp-json\/wp\/v2\/posts\/45988","targetHints":{"allow":["GET"]}}],"collection":[{"href":"https:\/\/www.convotis.com\/es\/wp-json\/wp\/v2\/posts"}],"about":[{"href":"https:\/\/www.convotis.com\/es\/wp-json\/wp\/v2\/types\/post"}],"author":[{"embeddable":true,"href":"https:\/\/www.convotis.com\/es\/wp-json\/wp\/v2\/users\/15"}],"replies":[{"embeddable":true,"href":"https:\/\/www.convotis.com\/es\/wp-json\/wp\/v2\/comments?post=45988"}],"version-history":[{"count":2,"href":"https:\/\/www.convotis.com\/es\/wp-json\/wp\/v2\/posts\/45988\/revisions"}],"predecessor-version":[{"id":45990,"href":"https:\/\/www.convotis.com\/es\/wp-json\/wp\/v2\/posts\/45988\/revisions\/45990"}],"wp:featuredmedia":[{"embeddable":true,"href":"https:\/\/www.convotis.com\/es\/wp-json\/wp\/v2\/media\/36820"}],"wp:attachment":[{"href":"https:\/\/www.convotis.com\/es\/wp-json\/wp\/v2\/media?parent=45988"}],"wp:term":[{"taxonomy":"category","embeddable":true,"href":"https:\/\/www.convotis.com\/es\/wp-json\/wp\/v2\/categories?post=45988"},{"taxonomy":"post_tag","embeddable":true,"href":"https:\/\/www.convotis.com\/es\/wp-json\/wp\/v2\/tags?post=45988"}],"curies":[{"name":"wp","href":"https:\/\/api.w.org\/{rel}","templated":true}]}}