{"id":46909,"date":"2025-06-22T13:45:34","date_gmt":"2025-06-22T11:45:34","guid":{"rendered":"https:\/\/stage2.convotis.com\/es\/?p=46909"},"modified":"2025-10-03T10:09:58","modified_gmt":"2025-10-03T08:09:58","slug":"todo-lo-que-necesita-saber-sobre-el-mandato-de-facturacion-electronica-de-2025-en-alemania-y-como-prepararse","status":"publish","type":"post","link":"https:\/\/www.convotis.com\/es\/news\/todo-lo-que-necesita-saber-sobre-el-mandato-de-facturacion-electronica-de-2025-en-alemania-y-como-prepararse\/","title":{"rendered":"Todo lo que necesita saber sobre el mandato de facturaci\u00f3n electr\u00f3nica de 2025 en Alemania &#8211; Y c\u00f3mo prepararse"},"content":{"rendered":"<p>A partir del 1 de enero de 2025, entrar\u00e1 en vigor un importante cambio normativo en Alemania: la facturaci\u00f3n electr\u00f3nica ser\u00e1 obligatoria para las transacciones B2B nacionales. Este requisito legal supone un importante paso hacia la digitalizaci\u00f3n y automatizaci\u00f3n de los procesos financieros.<\/p>\n<h2 data-start=\"505\" data-end=\"541\">\u00bfPor qu\u00e9 es tan importante la facturaci\u00f3n electr\u00f3nica?<\/h2>\n<p data-start=\"543\" data-end=\"946\">Las facturas electr\u00f3nicas se crean en un formato estructurado y legible por m\u00e1quina -como XML- que permite una integraci\u00f3n perfecta con los sistemas de contabilidad y ERP. A diferencia de las facturas tradicionales en PDF o en papel, las facturas electr\u00f3nicas pueden procesarse autom\u00e1ticamente, lo que reduce significativamente los errores manuales y acelera todo el flujo de trabajo de facturaci\u00f3n. Para cumplir la normativa, las facturas electr\u00f3nicas deben ajustarse a la norma europea EN 16931.<\/p>\n<h2 data-start=\"948\" data-end=\"968\">\u00bfA qui\u00e9n afecta?<\/h2>\n<p data-start=\"970\" data-end=\"1415\">La normativa se aplica a todas las empresas con sede en Alemania, independientemente de su sector o tama\u00f1o. A partir de 2025, todas las empresas deber\u00e1n poder recibir y procesar facturas electr\u00f3nicas. El env\u00edo de facturas electr\u00f3nicas tambi\u00e9n ser\u00e1 obligatorio, aunque las peque\u00f1as empresas con ingresos anuales inferiores a 800.000 euros se beneficiar\u00e1n de un periodo de transici\u00f3n ampliado hasta 2027. Las facturas en papel dejar\u00e1n de estar permitidas, salvo en casos excepcionales estrictamente definidos.<\/p>\n<h2 data-start=\"1417\" data-end=\"1449\">Excepciones y normas especiales<\/h2>\n<p data-start=\"1451\" data-end=\"1741\">Algunos tipos de facturas est\u00e1n excluidos de la obligaci\u00f3n, como las facturas de escasa cuant\u00eda inferiores a 250 euros. Adem\u00e1s, existen normas espec\u00edficas para determinados sectores, como la agricultura y la silvicultura. Sin embargo, todas las empresas deben completar su transici\u00f3n a la facturaci\u00f3n electr\u00f3nica antes de 2028 para seguir cumpliendo la normativa.<\/p>\n<h2 data-start=\"1743\" data-end=\"1769\">Requisitos t\u00e9cnicos<\/h2>\n<p data-start=\"1771\" data-end=\"2170\">Para cumplir el mandato de facturaci\u00f3n electr\u00f3nica, las empresas deben implantar soluciones de software adecuadas capaces de generar, recibir y archivar facturas electr\u00f3nicas. Estos sistemas deben cumplir requisitos legales como los establecidos en el art\u00edculo 29 de la Ley alemana del IVA (UStG) y garantizar un procesamiento de datos seguro y a prueba de auditor\u00edas. Los formatos electr\u00f3nicos estructurados son esenciales para la automatizaci\u00f3n de los flujos de trabajo y el cumplimiento de la normativa.<\/p>\n<h2 data-start=\"2172\" data-end=\"2197\">C\u00f3mo puede ayudar CONVOTIS<\/h2>\n<p data-start=\"2199\" data-end=\"2623\">CONVOTIS ofrece soluciones inform\u00e1ticas integrales adaptadas a las exigencias normativas y t\u00e9cnicas del nuevo panorama de la facturaci\u00f3n electr\u00f3nica. Con una integraci\u00f3n perfecta en los entornos de sistemas existentes, opciones de personalizaci\u00f3n flexibles y un fuerte enfoque en la seguridad y el cumplimiento, CONVOTIS garantiza que su empresa est\u00e9 totalmente preparada. Nuestras soluciones cumplen la normativa europea, lo que permite un procesamiento de facturas legalmente seguro y eficaz.<\/p>\n<h2 data-start=\"2625\" data-end=\"2659\">Por qu\u00e9 las empresas deben actuar ya<\/h2>\n<p data-start=\"2661\" data-end=\"3001\">Las empresas que act\u00faan a tiempo y modernizan sus sistemas de facturaci\u00f3n no s\u00f3lo se benefician del cumplimiento de la normativa. La agilizaci\u00f3n de los flujos de trabajo digitales aumenta la eficiencia operativa, reduce los errores y ayuda a las empresas a seguir siendo competitivas. A partir de 2025, la facturaci\u00f3n electr\u00f3nica dejar\u00e1 de ser opcional para convertirse en una obligaci\u00f3n legal para todas las empresas alemanas.<\/p>\n","protected":false},"excerpt":{"rendered":"<p>A partir del 1 de enero de 2025, entrar\u00e1 en vigor un importante cambio normativo en Alemania: la facturaci\u00f3n electr\u00f3nica ser\u00e1 obligatoria para las transacciones B2B nacionales. Este requisito legal supone un importante paso hacia la digitalizaci\u00f3n y automatizaci\u00f3n de los procesos financieros. \u00bfPor qu\u00e9 es tan importante la facturaci\u00f3n electr\u00f3nica? Las facturas electr\u00f3nicas se [&hellip;]<\/p>\n","protected":false},"author":15,"featured_media":28938,"comment_status":"closed","ping_status":"closed","sticky":false,"template":"","format":"standard","meta":{"_acf_changed":false,"content-type":"","footnotes":""},"categories":[990],"tags":[],"class_list":["post-46909","post","type-post","status-publish","format-standard","has-post-thumbnail","hentry","category-digital-transformation-es"],"acf":[],"yoast_head":"<!-- This site is optimized with the Yoast SEO Premium plugin v27.4 (Yoast SEO v27.4) - https:\/\/yoast.com\/product\/yoast-seo-premium-wordpress\/ -->\n<title>Factura electr\u00f3nica 2025: \u00bfEst\u00e1 preparado para la obligaci\u00f3n?<\/title>\n<meta name=\"description\" content=\"Obligaci\u00f3n de facturaci\u00f3n electr\u00f3nica B2B desde 2025: c\u00f3mo cumplir con los requisitos legales y c\u00f3mo preparar su empresa.\" \/>\n<meta name=\"robots\" content=\"index, follow, max-snippet:-1, max-image-preview:large, max-video-preview:-1\" \/>\n<link rel=\"canonical\" href=\"https:\/\/www.convotis.com\/es\/news\/todo-lo-que-necesita-saber-sobre-el-mandato-de-facturacion-electronica-de-2025-en-alemania-y-como-prepararse\/\" \/>\n<meta property=\"og:locale\" content=\"en_US\" \/>\n<meta property=\"og:type\" content=\"article\" \/>\n<meta property=\"og:title\" content=\"Factura electr\u00f3nica 2025: \u00bfEst\u00e1 preparado para la obligaci\u00f3n?\" \/>\n<meta property=\"og:description\" content=\"Obligaci\u00f3n de facturaci\u00f3n electr\u00f3nica B2B desde 2025: c\u00f3mo cumplir con los requisitos legales y c\u00f3mo preparar su empresa.\" \/>\n<meta property=\"og:url\" content=\"https:\/\/www.convotis.com\/es\/news\/todo-lo-que-necesita-saber-sobre-el-mandato-de-facturacion-electronica-de-2025-en-alemania-y-como-prepararse\/\" \/>\n<meta property=\"og:site_name\" content=\"CONVOTIS Iberia\" \/>\n<meta property=\"article:published_time\" content=\"2025-06-22T11:45:34+00:00\" \/>\n<meta property=\"article:modified_time\" content=\"2025-10-03T08:09:58+00:00\" \/>\n<meta property=\"og:image\" content=\"https:\/\/www.convotis.com\/es\/wp-content\/uploads\/sites\/3\/2024\/10\/E-Invoice.png\" \/>\n\t<meta property=\"og:image:width\" content=\"1090\" \/>\n\t<meta property=\"og:image:height\" content=\"670\" \/>\n\t<meta property=\"og:image:type\" content=\"image\/png\" \/>\n<meta name=\"author\" content=\"nicolasarnedo\" \/>\n<meta name=\"twitter:card\" content=\"summary_large_image\" \/>\n<meta name=\"twitter:label1\" content=\"Written by\" \/>\n\t<meta name=\"twitter:data1\" content=\"nicolasarnedo\" \/>\n\t<meta name=\"twitter:label2\" content=\"Est. reading time\" \/>\n\t<meta name=\"twitter:data2\" content=\"3 minutes\" \/>\n<script type=\"application\/ld+json\" class=\"yoast-schema-graph\">{\"@context\":\"https:\\\/\\\/schema.org\",\"@graph\":[{\"@type\":\"Article\",\"@id\":\"https:\\\/\\\/www.convotis.com\\\/es\\\/news\\\/todo-lo-que-necesita-saber-sobre-el-mandato-de-facturacion-electronica-de-2025-en-alemania-y-como-prepararse\\\/#article\",\"isPartOf\":{\"@id\":\"https:\\\/\\\/www.convotis.com\\\/es\\\/news\\\/todo-lo-que-necesita-saber-sobre-el-mandato-de-facturacion-electronica-de-2025-en-alemania-y-como-prepararse\\\/\"},\"author\":{\"name\":\"nicolasarnedo\",\"@id\":\"https:\\\/\\\/www.convotis.com\\\/es\\\/#\\\/schema\\\/person\\\/64b3ec0606b608186ce5971e621c518d\"},\"headline\":\"Todo lo que necesita saber sobre el mandato de facturaci\u00f3n electr\u00f3nica de 2025 en Alemania &#8211; Y c\u00f3mo prepararse\",\"datePublished\":\"2025-06-22T11:45:34+00:00\",\"dateModified\":\"2025-10-03T08:09:58+00:00\",\"mainEntityOfPage\":{\"@id\":\"https:\\\/\\\/www.convotis.com\\\/es\\\/news\\\/todo-lo-que-necesita-saber-sobre-el-mandato-de-facturacion-electronica-de-2025-en-alemania-y-como-prepararse\\\/\"},\"wordCount\":550,\"publisher\":{\"@id\":\"https:\\\/\\\/www.convotis.com\\\/es\\\/#organization\"},\"image\":{\"@id\":\"https:\\\/\\\/www.convotis.com\\\/es\\\/news\\\/todo-lo-que-necesita-saber-sobre-el-mandato-de-facturacion-electronica-de-2025-en-alemania-y-como-prepararse\\\/#primaryimage\"},\"thumbnailUrl\":\"https:\\\/\\\/www.convotis.com\\\/es\\\/wp-content\\\/uploads\\\/sites\\\/3\\\/2024\\\/10\\\/E-Invoice.png\",\"articleSection\":[\"Digital Transformation\"],\"inLanguage\":\"en-US\"},{\"@type\":\"WebPage\",\"@id\":\"https:\\\/\\\/www.convotis.com\\\/es\\\/news\\\/todo-lo-que-necesita-saber-sobre-el-mandato-de-facturacion-electronica-de-2025-en-alemania-y-como-prepararse\\\/\",\"url\":\"https:\\\/\\\/www.convotis.com\\\/es\\\/news\\\/todo-lo-que-necesita-saber-sobre-el-mandato-de-facturacion-electronica-de-2025-en-alemania-y-como-prepararse\\\/\",\"name\":\"Factura electr\u00f3nica 2025: \u00bfEst\u00e1 preparado para la obligaci\u00f3n?\",\"isPartOf\":{\"@id\":\"https:\\\/\\\/www.convotis.com\\\/es\\\/#website\"},\"primaryImageOfPage\":{\"@id\":\"https:\\\/\\\/www.convotis.com\\\/es\\\/news\\\/todo-lo-que-necesita-saber-sobre-el-mandato-de-facturacion-electronica-de-2025-en-alemania-y-como-prepararse\\\/#primaryimage\"},\"image\":{\"@id\":\"https:\\\/\\\/www.convotis.com\\\/es\\\/news\\\/todo-lo-que-necesita-saber-sobre-el-mandato-de-facturacion-electronica-de-2025-en-alemania-y-como-prepararse\\\/#primaryimage\"},\"thumbnailUrl\":\"https:\\\/\\\/www.convotis.com\\\/es\\\/wp-content\\\/uploads\\\/sites\\\/3\\\/2024\\\/10\\\/E-Invoice.png\",\"datePublished\":\"2025-06-22T11:45:34+00:00\",\"dateModified\":\"2025-10-03T08:09:58+00:00\",\"description\":\"Obligaci\u00f3n de facturaci\u00f3n electr\u00f3nica B2B desde 2025: c\u00f3mo cumplir con los requisitos legales y c\u00f3mo preparar su empresa.\",\"inLanguage\":\"en-US\",\"potentialAction\":[{\"@type\":\"ReadAction\",\"target\":[\"https:\\\/\\\/www.convotis.com\\\/es\\\/news\\\/todo-lo-que-necesita-saber-sobre-el-mandato-de-facturacion-electronica-de-2025-en-alemania-y-como-prepararse\\\/\"]}]},{\"@type\":\"ImageObject\",\"inLanguage\":\"en-US\",\"@id\":\"https:\\\/\\\/www.convotis.com\\\/es\\\/news\\\/todo-lo-que-necesita-saber-sobre-el-mandato-de-facturacion-electronica-de-2025-en-alemania-y-como-prepararse\\\/#primaryimage\",\"url\":\"https:\\\/\\\/www.convotis.com\\\/es\\\/wp-content\\\/uploads\\\/sites\\\/3\\\/2024\\\/10\\\/E-Invoice.png\",\"contentUrl\":\"https:\\\/\\\/www.convotis.com\\\/es\\\/wp-content\\\/uploads\\\/sites\\\/3\\\/2024\\\/10\\\/E-Invoice.png\",\"width\":1090,\"height\":670,\"caption\":\"Digital invoice processing on a laptop \u2013 illustrating e-invoicing automation in modern IT systems.\"},{\"@type\":\"WebSite\",\"@id\":\"https:\\\/\\\/www.convotis.com\\\/es\\\/#website\",\"url\":\"https:\\\/\\\/www.convotis.com\\\/es\\\/\",\"name\":\"CONVOTIS\",\"description\":\"For Europe&#039;s digital future.\",\"publisher\":{\"@id\":\"https:\\\/\\\/www.convotis.com\\\/es\\\/#organization\"},\"potentialAction\":[{\"@type\":\"SearchAction\",\"target\":{\"@type\":\"EntryPoint\",\"urlTemplate\":\"https:\\\/\\\/www.convotis.com\\\/es\\\/?s={search_term_string}\"},\"query-input\":{\"@type\":\"PropertyValueSpecification\",\"valueRequired\":true,\"valueName\":\"search_term_string\"}}],\"inLanguage\":\"en-US\"},{\"@type\":\"Organization\",\"@id\":\"https:\\\/\\\/www.convotis.com\\\/es\\\/#organization\",\"name\":\"CONVOTIS\",\"url\":\"https:\\\/\\\/www.convotis.com\\\/es\\\/\",\"logo\":{\"@type\":\"ImageObject\",\"inLanguage\":\"en-US\",\"@id\":\"https:\\\/\\\/www.convotis.com\\\/es\\\/#\\\/schema\\\/logo\\\/image\\\/\",\"url\":\"https:\\\/\\\/www.convotis.com\\\/es\\\/wp-content\\\/uploads\\\/sites\\\/3\\\/2025\\\/08\\\/Convotis_blue_cmyk300dpi-scaled.png\",\"contentUrl\":\"https:\\\/\\\/www.convotis.com\\\/es\\\/wp-content\\\/uploads\\\/sites\\\/3\\\/2025\\\/08\\\/Convotis_blue_cmyk300dpi-scaled.png\",\"width\":2560,\"height\":411,\"caption\":\"CONVOTIS\"},\"image\":{\"@id\":\"https:\\\/\\\/www.convotis.com\\\/es\\\/#\\\/schema\\\/logo\\\/image\\\/\"},\"sameAs\":[\"https:\\\/\\\/www.linkedin.com\\\/company\\\/convotis-gmbh\\\/\"]},{\"@type\":\"Person\",\"@id\":\"https:\\\/\\\/www.convotis.com\\\/es\\\/#\\\/schema\\\/person\\\/64b3ec0606b608186ce5971e621c518d\",\"name\":\"nicolasarnedo\",\"image\":{\"@type\":\"ImageObject\",\"inLanguage\":\"en-US\",\"@id\":\"https:\\\/\\\/secure.gravatar.com\\\/avatar\\\/7a9e3e28d306c1ffd8f5858fe7e9c0ead936942ee372d4e947d490d2b5c6d201?s=96&d=mm&r=g\",\"url\":\"https:\\\/\\\/secure.gravatar.com\\\/avatar\\\/7a9e3e28d306c1ffd8f5858fe7e9c0ead936942ee372d4e947d490d2b5c6d201?s=96&d=mm&r=g\",\"contentUrl\":\"https:\\\/\\\/secure.gravatar.com\\\/avatar\\\/7a9e3e28d306c1ffd8f5858fe7e9c0ead936942ee372d4e947d490d2b5c6d201?s=96&d=mm&r=g\",\"caption\":\"nicolasarnedo\"}}]}<\/script>\n<!-- \/ Yoast SEO Premium plugin. -->","yoast_head_json":{"title":"Factura electr\u00f3nica 2025: \u00bfEst\u00e1 preparado para la obligaci\u00f3n?","description":"Obligaci\u00f3n de facturaci\u00f3n electr\u00f3nica B2B desde 2025: c\u00f3mo cumplir con los requisitos legales y c\u00f3mo preparar su empresa.","robots":{"index":"index","follow":"follow","max-snippet":"max-snippet:-1","max-image-preview":"max-image-preview:large","max-video-preview":"max-video-preview:-1"},"canonical":"https:\/\/www.convotis.com\/es\/news\/todo-lo-que-necesita-saber-sobre-el-mandato-de-facturacion-electronica-de-2025-en-alemania-y-como-prepararse\/","og_locale":"en_US","og_type":"article","og_title":"Factura electr\u00f3nica 2025: \u00bfEst\u00e1 preparado para la obligaci\u00f3n?","og_description":"Obligaci\u00f3n de facturaci\u00f3n electr\u00f3nica B2B desde 2025: c\u00f3mo cumplir con los requisitos legales y c\u00f3mo preparar su empresa.","og_url":"https:\/\/www.convotis.com\/es\/news\/todo-lo-que-necesita-saber-sobre-el-mandato-de-facturacion-electronica-de-2025-en-alemania-y-como-prepararse\/","og_site_name":"CONVOTIS Iberia","article_published_time":"2025-06-22T11:45:34+00:00","article_modified_time":"2025-10-03T08:09:58+00:00","og_image":[{"width":1090,"height":670,"url":"https:\/\/www.convotis.com\/es\/wp-content\/uploads\/sites\/3\/2024\/10\/E-Invoice.png","type":"image\/png"}],"author":"nicolasarnedo","twitter_card":"summary_large_image","twitter_misc":{"Written by":"nicolasarnedo","Est. reading time":"3 minutes"},"schema":{"@context":"https:\/\/schema.org","@graph":[{"@type":"Article","@id":"https:\/\/www.convotis.com\/es\/news\/todo-lo-que-necesita-saber-sobre-el-mandato-de-facturacion-electronica-de-2025-en-alemania-y-como-prepararse\/#article","isPartOf":{"@id":"https:\/\/www.convotis.com\/es\/news\/todo-lo-que-necesita-saber-sobre-el-mandato-de-facturacion-electronica-de-2025-en-alemania-y-como-prepararse\/"},"author":{"name":"nicolasarnedo","@id":"https:\/\/www.convotis.com\/es\/#\/schema\/person\/64b3ec0606b608186ce5971e621c518d"},"headline":"Todo lo que necesita saber sobre el mandato de facturaci\u00f3n electr\u00f3nica de 2025 en Alemania &#8211; Y c\u00f3mo prepararse","datePublished":"2025-06-22T11:45:34+00:00","dateModified":"2025-10-03T08:09:58+00:00","mainEntityOfPage":{"@id":"https:\/\/www.convotis.com\/es\/news\/todo-lo-que-necesita-saber-sobre-el-mandato-de-facturacion-electronica-de-2025-en-alemania-y-como-prepararse\/"},"wordCount":550,"publisher":{"@id":"https:\/\/www.convotis.com\/es\/#organization"},"image":{"@id":"https:\/\/www.convotis.com\/es\/news\/todo-lo-que-necesita-saber-sobre-el-mandato-de-facturacion-electronica-de-2025-en-alemania-y-como-prepararse\/#primaryimage"},"thumbnailUrl":"https:\/\/www.convotis.com\/es\/wp-content\/uploads\/sites\/3\/2024\/10\/E-Invoice.png","articleSection":["Digital Transformation"],"inLanguage":"en-US"},{"@type":"WebPage","@id":"https:\/\/www.convotis.com\/es\/news\/todo-lo-que-necesita-saber-sobre-el-mandato-de-facturacion-electronica-de-2025-en-alemania-y-como-prepararse\/","url":"https:\/\/www.convotis.com\/es\/news\/todo-lo-que-necesita-saber-sobre-el-mandato-de-facturacion-electronica-de-2025-en-alemania-y-como-prepararse\/","name":"Factura electr\u00f3nica 2025: \u00bfEst\u00e1 preparado para la obligaci\u00f3n?","isPartOf":{"@id":"https:\/\/www.convotis.com\/es\/#website"},"primaryImageOfPage":{"@id":"https:\/\/www.convotis.com\/es\/news\/todo-lo-que-necesita-saber-sobre-el-mandato-de-facturacion-electronica-de-2025-en-alemania-y-como-prepararse\/#primaryimage"},"image":{"@id":"https:\/\/www.convotis.com\/es\/news\/todo-lo-que-necesita-saber-sobre-el-mandato-de-facturacion-electronica-de-2025-en-alemania-y-como-prepararse\/#primaryimage"},"thumbnailUrl":"https:\/\/www.convotis.com\/es\/wp-content\/uploads\/sites\/3\/2024\/10\/E-Invoice.png","datePublished":"2025-06-22T11:45:34+00:00","dateModified":"2025-10-03T08:09:58+00:00","description":"Obligaci\u00f3n de facturaci\u00f3n electr\u00f3nica B2B desde 2025: c\u00f3mo cumplir con los requisitos legales y c\u00f3mo preparar su empresa.","inLanguage":"en-US","potentialAction":[{"@type":"ReadAction","target":["https:\/\/www.convotis.com\/es\/news\/todo-lo-que-necesita-saber-sobre-el-mandato-de-facturacion-electronica-de-2025-en-alemania-y-como-prepararse\/"]}]},{"@type":"ImageObject","inLanguage":"en-US","@id":"https:\/\/www.convotis.com\/es\/news\/todo-lo-que-necesita-saber-sobre-el-mandato-de-facturacion-electronica-de-2025-en-alemania-y-como-prepararse\/#primaryimage","url":"https:\/\/www.convotis.com\/es\/wp-content\/uploads\/sites\/3\/2024\/10\/E-Invoice.png","contentUrl":"https:\/\/www.convotis.com\/es\/wp-content\/uploads\/sites\/3\/2024\/10\/E-Invoice.png","width":1090,"height":670,"caption":"Digital invoice processing on a laptop \u2013 illustrating e-invoicing automation in modern IT systems."},{"@type":"WebSite","@id":"https:\/\/www.convotis.com\/es\/#website","url":"https:\/\/www.convotis.com\/es\/","name":"CONVOTIS","description":"For Europe&#039;s digital future.","publisher":{"@id":"https:\/\/www.convotis.com\/es\/#organization"},"potentialAction":[{"@type":"SearchAction","target":{"@type":"EntryPoint","urlTemplate":"https:\/\/www.convotis.com\/es\/?s={search_term_string}"},"query-input":{"@type":"PropertyValueSpecification","valueRequired":true,"valueName":"search_term_string"}}],"inLanguage":"en-US"},{"@type":"Organization","@id":"https:\/\/www.convotis.com\/es\/#organization","name":"CONVOTIS","url":"https:\/\/www.convotis.com\/es\/","logo":{"@type":"ImageObject","inLanguage":"en-US","@id":"https:\/\/www.convotis.com\/es\/#\/schema\/logo\/image\/","url":"https:\/\/www.convotis.com\/es\/wp-content\/uploads\/sites\/3\/2025\/08\/Convotis_blue_cmyk300dpi-scaled.png","contentUrl":"https:\/\/www.convotis.com\/es\/wp-content\/uploads\/sites\/3\/2025\/08\/Convotis_blue_cmyk300dpi-scaled.png","width":2560,"height":411,"caption":"CONVOTIS"},"image":{"@id":"https:\/\/www.convotis.com\/es\/#\/schema\/logo\/image\/"},"sameAs":["https:\/\/www.linkedin.com\/company\/convotis-gmbh\/"]},{"@type":"Person","@id":"https:\/\/www.convotis.com\/es\/#\/schema\/person\/64b3ec0606b608186ce5971e621c518d","name":"nicolasarnedo","image":{"@type":"ImageObject","inLanguage":"en-US","@id":"https:\/\/secure.gravatar.com\/avatar\/7a9e3e28d306c1ffd8f5858fe7e9c0ead936942ee372d4e947d490d2b5c6d201?s=96&d=mm&r=g","url":"https:\/\/secure.gravatar.com\/avatar\/7a9e3e28d306c1ffd8f5858fe7e9c0ead936942ee372d4e947d490d2b5c6d201?s=96&d=mm&r=g","contentUrl":"https:\/\/secure.gravatar.com\/avatar\/7a9e3e28d306c1ffd8f5858fe7e9c0ead936942ee372d4e947d490d2b5c6d201?s=96&d=mm&r=g","caption":"nicolasarnedo"}}]}},"_links":{"self":[{"href":"https:\/\/www.convotis.com\/es\/wp-json\/wp\/v2\/posts\/46909","targetHints":{"allow":["GET"]}}],"collection":[{"href":"https:\/\/www.convotis.com\/es\/wp-json\/wp\/v2\/posts"}],"about":[{"href":"https:\/\/www.convotis.com\/es\/wp-json\/wp\/v2\/types\/post"}],"author":[{"embeddable":true,"href":"https:\/\/www.convotis.com\/es\/wp-json\/wp\/v2\/users\/15"}],"replies":[{"embeddable":true,"href":"https:\/\/www.convotis.com\/es\/wp-json\/wp\/v2\/comments?post=46909"}],"version-history":[{"count":2,"href":"https:\/\/www.convotis.com\/es\/wp-json\/wp\/v2\/posts\/46909\/revisions"}],"predecessor-version":[{"id":48818,"href":"https:\/\/www.convotis.com\/es\/wp-json\/wp\/v2\/posts\/46909\/revisions\/48818"}],"wp:featuredmedia":[{"embeddable":true,"href":"https:\/\/www.convotis.com\/es\/wp-json\/wp\/v2\/media\/28938"}],"wp:attachment":[{"href":"https:\/\/www.convotis.com\/es\/wp-json\/wp\/v2\/media?parent=46909"}],"wp:term":[{"taxonomy":"category","embeddable":true,"href":"https:\/\/www.convotis.com\/es\/wp-json\/wp\/v2\/categories?post=46909"},{"taxonomy":"post_tag","embeddable":true,"href":"https:\/\/www.convotis.com\/es\/wp-json\/wp\/v2\/tags?post=46909"}],"curies":[{"name":"wp","href":"https:\/\/api.w.org\/{rel}","templated":true}]}}