{"id":47467,"date":"2025-03-25T16:15:17","date_gmt":"2025-03-25T15:15:17","guid":{"rendered":"https:\/\/stage2.convotis.com\/es\/?p=47467"},"modified":"2025-08-25T16:17:28","modified_gmt":"2025-08-25T14:17:28","slug":"obligacion-de-facturacion-electronica-en-alemania-en-2025-que-ha-cambiado-hasta-ahora","status":"publish","type":"post","link":"https:\/\/www.convotis.com\/es\/news\/obligacion-de-facturacion-electronica-en-alemania-en-2025-que-ha-cambiado-hasta-ahora\/","title":{"rendered":"Obligaci\u00f3n de facturaci\u00f3n electr\u00f3nica en Alemania en 2025: \u00bfqu\u00e9 ha cambiado hasta ahora?"},"content":{"rendered":"<p data-start=\"225\" data-end=\"607\">En 2024, el mandato de la facturaci\u00f3n electr\u00f3nica a\u00fan parec\u00eda un tema lejano, pero hoy es una realidad: desde el <strong data-start=\"338\" data-end=\"360\">1 de enero de 2025<\/strong> han entrado en vigor en Alemania los nuevos requisitos legales para la facturaci\u00f3n electr\u00f3nica en el sector B2B. El t\u00e9rmino <em data-start=\"485\" data-end=\"508\">\u201cfactura electr\u00f3nica\u201d<\/em> est\u00e1 ahora claramente definido, lo que introduce cambios t\u00e9cnicos y procedimentales espec\u00edficos.<\/p>\n<p data-start=\"609\" data-end=\"869\">El a\u00f1o pasado presentamos en nuestro art\u00edculo <em data-start=\"655\" data-end=\"724\">\u201c<a href=\"https:\/\/www.convotis.com\/es\/news\/todo-lo-que-necesita-saber-sobre-el-mandato-de-facturacion-electronica-de-2025-en-alemania-y-como-prepararse\/\">Todo lo que necesita saber sobre el mandato de e-facturaci\u00f3n 2025<\/a>\u201d<\/em> un panorama sobre el marco legal, el calendario y la definici\u00f3n de formatos. Ahora que la normativa ya est\u00e1 en vigor, surgen nuevas preguntas:<\/p>\n<p data-start=\"871\" data-end=\"967\"><strong data-start=\"871\" data-end=\"965\">\u00bfQu\u00e9 ha cambiado exactamente? \u00bfD\u00f3nde se encuentran hoy las empresas y qu\u00e9 retos persisten?<\/strong><\/p>\n<h2 data-start=\"969\" data-end=\"998\">Lo que aplica desde 2025<\/h2>\n<p data-start=\"1000\" data-end=\"1442\">Desde el <strong data-start=\"1009\" data-end=\"1031\">1 de enero de 2025<\/strong>, la e-facturaci\u00f3n es obligatoria en las transacciones B2B en Alemania, con periodos transitorios seg\u00fan el tama\u00f1o y volumen de facturaci\u00f3n de la empresa. La base legal es el \u00a7 14 de la Ley del IVA alemana, que por primera vez define claramente la factura electr\u00f3nica: debe emitirse, transmitirse y recibirse en un <strong data-start=\"1345\" data-end=\"1439\">formato estructurado, legible por m\u00e1quina, completamente digital y sin rupturas de proceso<\/strong>.<\/p>\n<p data-start=\"1444\" data-end=\"1765\">Los PDF tradicionales, facturas escaneadas o en papel dejan de ser formatos conformes a la ley, aunque se permiten de forma transitoria \u2013sobre todo para pymes\u2013. El objetivo es impulsar la digitalizaci\u00f3n de extremo a extremo y la automatizaci\u00f3n en la gesti\u00f3n de facturas B2B, en l\u00ednea con la estrategia digital de la UE.<\/p>\n<p data-start=\"1767\" data-end=\"1799\">En la pr\u00e1ctica esto significa:<\/p>\n<ul data-start=\"1800\" data-end=\"2093\">\n<li data-start=\"1800\" data-end=\"1953\">\n<p data-start=\"1802\" data-end=\"1953\">Empresas con ingresos anuales superiores a 800.000 \u20ac deben poder <strong data-start=\"1867\" data-end=\"1878\">recibir<\/strong> e-facturas desde 2025; su <strong data-start=\"1905\" data-end=\"1916\">emisi\u00f3n<\/strong> ser\u00e1 obligatoria a partir de 2027.<\/p>\n<\/li>\n<li data-start=\"1954\" data-end=\"2093\">\n<p data-start=\"1956\" data-end=\"2093\">Las pymes cuentan con plazos m\u00e1s largos, pero la obligaci\u00f3n de usar e-facturas estructuradas ser\u00e1 general a partir de 2028 como m\u00e1ximo.<\/p>\n<\/li>\n<\/ul>\n<p data-start=\"2095\" data-end=\"2282\">Importante: El mandato aplica exclusivamente a transacciones B2B nacionales. Las operaciones B2C y transfronterizas quedan de momento excluidas, aunque se esperan cambios a medio plazo.<\/p>\n<h2 data-start=\"2284\" data-end=\"2343\">Implementaci\u00f3n en la pr\u00e1ctica: la realidad empresarial<\/h2>\n<p data-start=\"2345\" data-end=\"2461\">A pesar del nuevo marco legal, estudios recientes de <strong data-start=\"2398\" data-end=\"2408\">Bitkom<\/strong> muestran que muchas compa\u00f1\u00edas no est\u00e1n preparadas:<\/p>\n<ul data-start=\"2462\" data-end=\"2718\">\n<li data-start=\"2462\" data-end=\"2507\">\n<p data-start=\"2464\" data-end=\"2507\">Solo el <strong data-start=\"2472\" data-end=\"2479\">45%<\/strong> puede recibir e-facturas,<\/p>\n<\/li>\n<li data-start=\"2508\" data-end=\"2540\">\n<p data-start=\"2510\" data-end=\"2540\">El <strong data-start=\"2513\" data-end=\"2520\">55%<\/strong> ya emite algunas,<\/p>\n<\/li>\n<li data-start=\"2541\" data-end=\"2592\">\n<p data-start=\"2543\" data-end=\"2592\">El <strong data-start=\"2546\" data-end=\"2553\">96%<\/strong> sigue utilizando facturas por email,<\/p>\n<\/li>\n<li data-start=\"2593\" data-end=\"2638\">\n<p data-start=\"2595\" data-end=\"2638\">El <strong data-start=\"2598\" data-end=\"2605\">93%<\/strong> a\u00fan depende del correo postal,<\/p>\n<\/li>\n<li data-start=\"2639\" data-end=\"2718\">\n<p data-start=\"2641\" data-end=\"2718\">Solo el <strong data-start=\"2649\" data-end=\"2655\">5%<\/strong> usa el formato <strong data-start=\"2671\" data-end=\"2684\">XRechnung<\/strong>, conforme al est\u00e1ndar de la UE.<\/p>\n<\/li>\n<\/ul>\n<p data-start=\"2720\" data-end=\"2943\">Las principales barreras son la falta de interfaces, responsabilidades poco claras y carencias t\u00e9cnicas. El resultado: riesgos de incumplimiento, ineficiencias operativas y oportunidades de automatizaci\u00f3n desaprovechadas.<\/p>\n<p data-start=\"2945\" data-end=\"3218\">Adem\u00e1s, la transici\u00f3n no implica solo un cambio de formato: exige <strong data-start=\"3011\" data-end=\"3040\">adaptar procesos internos<\/strong> de tratamiento, archivo y almacenamiento conforme a la normativa. La integraci\u00f3n con sistemas ERP, contabilidad o gesti\u00f3n documental (DMS) constituye uno de los mayores retos.<\/p>\n<h2 data-start=\"3220\" data-end=\"3295\">Por qu\u00e9 importan ahora formatos estructurados como XRechnung o ZUGFeRD<\/h2>\n<p data-start=\"3297\" data-end=\"3503\">La elecci\u00f3n del formato de factura es cr\u00edtica. Aunque muchos conf\u00edan en <strong data-start=\"3369\" data-end=\"3382\">EDI (71%)<\/strong> o en el formato h\u00edbrido <strong data-start=\"3407\" data-end=\"3424\">ZUGFeRD (27%)<\/strong>, el est\u00e1ndar europeo <strong data-start=\"3446\" data-end=\"3459\">XRechnung<\/strong> sigue infrautilizado. Sus ventajas clave:<\/p>\n<ul data-start=\"3505\" data-end=\"3618\">\n<li data-start=\"3505\" data-end=\"3536\">\n<p data-start=\"3507\" data-end=\"3536\">Procesamiento estandarizado<\/p>\n<\/li>\n<li data-start=\"3537\" data-end=\"3563\">\n<p data-start=\"3539\" data-end=\"3563\">Alta interoperabilidad<\/p>\n<\/li>\n<li data-start=\"3564\" data-end=\"3618\">\n<p data-start=\"3566\" data-end=\"3618\">Seguridad legal en la comunicaci\u00f3n dentro de la UE<\/p>\n<\/li>\n<\/ul>\n<p data-start=\"3620\" data-end=\"3859\">Adoptar formatos estructurados significa no solo <strong data-start=\"3669\" data-end=\"3693\">cumplir la normativa<\/strong>, sino tambi\u00e9n garantizar procesos preparados para el futuro. Adem\u00e1s, mejoran la calidad de datos y permiten validaciones autom\u00e1ticas que reducen errores y fraudes.<\/p>\n<h2 data-start=\"3861\" data-end=\"3904\">Influencia de las iniciativas de la UE<\/h2>\n<p data-start=\"3906\" data-end=\"4154\">La implantaci\u00f3n alemana forma parte de la agenda digital europea. Bajo la iniciativa <strong data-start=\"3991\" data-end=\"4026\">\u201cVAT in the Digital Age (ViDA)\u201d<\/strong>, la UE planea extender la e-facturaci\u00f3n a todas las operaciones B2B transfronterizas, con un sistema de reporte centralizado.<\/p>\n<p data-start=\"4156\" data-end=\"4361\">Alemania se adelant\u00f3: la normativa nacional fue validada previamente a nivel de la UE. El mensaje es claro: quienes cumplan hoy con el mandato alem\u00e1n sientan la base para los futuros requisitos europeos.<\/p>\n<p data-start=\"4363\" data-end=\"4643\">Un aspecto relevante de ViDA: la UE prev\u00e9 implantar un <strong data-start=\"4418\" data-end=\"4455\">sistema de reporte en tiempo real<\/strong> para transacciones. Las empresas que ya trabajen con facturas estructuradas estar\u00e1n en mejor posici\u00f3n para integrarse sin fricciones, ganando ventajas en transparencia y automatizaci\u00f3n.<\/p>\n<h2 data-start=\"4645\" data-end=\"4699\">Nivel de digitalizaci\u00f3n en Finanzas y Controlling<\/h2>\n<p data-start=\"4701\" data-end=\"4955\">La buena noticia: muchas empresas ya han avanzado en su digitalizaci\u00f3n interna. Seg\u00fan Bitkom, el <strong data-start=\"4798\" data-end=\"4805\">58%<\/strong> afirma que sus procesos de finanzas y controlling est\u00e1n ampliamente digitalizados. La infraestructura t\u00e9cnica existe en gran parte a nivel interno.<\/p>\n<p data-start=\"4957\" data-end=\"5234\">El reto: la <strong data-start=\"4969\" data-end=\"5001\">integraci\u00f3n interempresarial<\/strong>. Faltan conexiones fluidas con clientes, proveedores y socios, lo que genera flujos fragmentados. Aunque haya preparaci\u00f3n t\u00e9cnica, la digitalizaci\u00f3n integral suele fallar por incompatibilidades de sistemas o falta de coordinaci\u00f3n.<\/p>\n<h2 data-start=\"5236\" data-end=\"5269\">\u00bfC\u00f3mo puede ayudar CONVOTIS?<\/h2>\n<p data-start=\"5271\" data-end=\"5508\">El mandato de e-facturaci\u00f3n supone exigencias claras y, al mismo tiempo, oportunidades reales. Las empresas que act\u00faan ahora evitan riesgos legales y construyen la base de procesos financieros automatizados y preparados para el futuro.<\/p>\n<p data-start=\"5510\" data-end=\"5782\">Como <strong data-start=\"5515\" data-end=\"5579\">socio de digitalizaci\u00f3n en procesos empresariales end-to-end<\/strong>, CONVOTIS desarrolla con usted una estrategia sostenible de e-facturaci\u00f3n: desde la elecci\u00f3n del formato adecuado, la integraci\u00f3n en sistemas existentes hasta la implantaci\u00f3n en sus flujos de trabajo.<\/p>\n<p data-start=\"5784\" data-end=\"5955\">Ya sea pyme o gran corporaci\u00f3n, le ayudamos a implementar los requisitos regulatorios con eficiencia y a aprovechar plenamente el potencial de la transformaci\u00f3n digital.<\/p>\n","protected":false},"excerpt":{"rendered":"<p>En 2024, el mandato de la facturaci\u00f3n electr\u00f3nica a\u00fan parec\u00eda un tema lejano, pero hoy es una realidad: desde el 1 de enero de 2025 han entrado en vigor en Alemania los nuevos requisitos legales para la facturaci\u00f3n electr\u00f3nica en el sector B2B. El t\u00e9rmino \u201cfactura electr\u00f3nica\u201d est\u00e1 ahora claramente definido, lo que introduce cambios [&hellip;]<\/p>\n","protected":false},"author":7,"featured_media":28855,"comment_status":"closed","ping_status":"closed","sticky":false,"template":"","format":"standard","meta":{"_acf_changed":false,"content-type":"","footnotes":""},"categories":[990],"tags":[],"class_list":["post-47467","post","type-post","status-publish","format-standard","has-post-thumbnail","hentry","category-digital-transformation-es"],"acf":[],"yoast_head":"<!-- This site is optimized with the Yoast SEO Premium plugin v27.4 (Yoast SEO v27.4) - https:\/\/yoast.com\/product\/yoast-seo-premium-wordpress\/ -->\n<title>Facturaci\u00f3n electr\u00f3nica 2025: requisitos legales<\/title>\n<meta name=\"description\" content=\"Facturaci\u00f3n electr\u00f3nica 2025: Descubra qu\u00e9 formatos estructurados se requieren y por qu\u00e9 las empresas deben actuar ahora.\" \/>\n<meta name=\"robots\" content=\"index, follow, max-snippet:-1, max-image-preview:large, max-video-preview:-1\" \/>\n<link rel=\"canonical\" href=\"https:\/\/www.convotis.com\/es\/news\/obligacion-de-facturacion-electronica-en-alemania-en-2025-que-ha-cambiado-hasta-ahora\/\" \/>\n<meta property=\"og:locale\" content=\"en_US\" \/>\n<meta property=\"og:type\" content=\"article\" \/>\n<meta property=\"og:title\" content=\"Facturaci\u00f3n electr\u00f3nica 2025: requisitos legales\" \/>\n<meta property=\"og:description\" content=\"Facturaci\u00f3n electr\u00f3nica 2025: Descubra qu\u00e9 formatos estructurados se requieren y por qu\u00e9 las empresas deben actuar ahora.\" \/>\n<meta property=\"og:url\" content=\"https:\/\/www.convotis.com\/es\/news\/obligacion-de-facturacion-electronica-en-alemania-en-2025-que-ha-cambiado-hasta-ahora\/\" \/>\n<meta property=\"og:site_name\" content=\"CONVOTIS Iberia\" \/>\n<meta property=\"article:published_time\" content=\"2025-03-25T15:15:17+00:00\" \/>\n<meta property=\"article:modified_time\" content=\"2025-08-25T14:17:28+00:00\" \/>\n<meta property=\"og:image\" content=\"https:\/\/www.convotis.com\/es\/wp-content\/uploads\/sites\/3\/2025\/03\/E-Rechnungspflicht.png\" \/>\n\t<meta property=\"og:image:width\" content=\"1090\" \/>\n\t<meta property=\"og:image:height\" content=\"670\" \/>\n\t<meta property=\"og:image:type\" content=\"image\/png\" \/>\n<meta name=\"author\" content=\"elianamoldovanska\" \/>\n<meta name=\"twitter:card\" content=\"summary_large_image\" \/>\n<meta name=\"twitter:label1\" content=\"Written by\" \/>\n\t<meta name=\"twitter:data1\" content=\"elianamoldovanska\" \/>\n\t<meta name=\"twitter:label2\" content=\"Est. reading time\" \/>\n\t<meta name=\"twitter:data2\" content=\"4 minutes\" \/>\n<script type=\"application\/ld+json\" class=\"yoast-schema-graph\">{\"@context\":\"https:\\\/\\\/schema.org\",\"@graph\":[{\"@type\":\"Article\",\"@id\":\"https:\\\/\\\/www.convotis.com\\\/es\\\/news\\\/obligacion-de-facturacion-electronica-en-alemania-en-2025-que-ha-cambiado-hasta-ahora\\\/#article\",\"isPartOf\":{\"@id\":\"https:\\\/\\\/www.convotis.com\\\/es\\\/news\\\/obligacion-de-facturacion-electronica-en-alemania-en-2025-que-ha-cambiado-hasta-ahora\\\/\"},\"author\":{\"name\":\"elianamoldovanska\",\"@id\":\"https:\\\/\\\/www.convotis.com\\\/es\\\/#\\\/schema\\\/person\\\/43069367f8f43b4689f544f0d1e798af\"},\"headline\":\"Obligaci\u00f3n de facturaci\u00f3n electr\u00f3nica en Alemania en 2025: \u00bfqu\u00e9 ha cambiado hasta ahora?\",\"datePublished\":\"2025-03-25T15:15:17+00:00\",\"dateModified\":\"2025-08-25T14:17:28+00:00\",\"mainEntityOfPage\":{\"@id\":\"https:\\\/\\\/www.convotis.com\\\/es\\\/news\\\/obligacion-de-facturacion-electronica-en-alemania-en-2025-que-ha-cambiado-hasta-ahora\\\/\"},\"wordCount\":902,\"publisher\":{\"@id\":\"https:\\\/\\\/www.convotis.com\\\/es\\\/#organization\"},\"image\":{\"@id\":\"https:\\\/\\\/www.convotis.com\\\/es\\\/news\\\/obligacion-de-facturacion-electronica-en-alemania-en-2025-que-ha-cambiado-hasta-ahora\\\/#primaryimage\"},\"thumbnailUrl\":\"https:\\\/\\\/www.convotis.com\\\/es\\\/wp-content\\\/uploads\\\/sites\\\/3\\\/2025\\\/03\\\/E-Rechnungspflicht.png\",\"articleSection\":[\"Digital Transformation\"],\"inLanguage\":\"en-US\"},{\"@type\":\"WebPage\",\"@id\":\"https:\\\/\\\/www.convotis.com\\\/es\\\/news\\\/obligacion-de-facturacion-electronica-en-alemania-en-2025-que-ha-cambiado-hasta-ahora\\\/\",\"url\":\"https:\\\/\\\/www.convotis.com\\\/es\\\/news\\\/obligacion-de-facturacion-electronica-en-alemania-en-2025-que-ha-cambiado-hasta-ahora\\\/\",\"name\":\"Facturaci\u00f3n electr\u00f3nica 2025: requisitos legales\",\"isPartOf\":{\"@id\":\"https:\\\/\\\/www.convotis.com\\\/es\\\/#website\"},\"primaryImageOfPage\":{\"@id\":\"https:\\\/\\\/www.convotis.com\\\/es\\\/news\\\/obligacion-de-facturacion-electronica-en-alemania-en-2025-que-ha-cambiado-hasta-ahora\\\/#primaryimage\"},\"image\":{\"@id\":\"https:\\\/\\\/www.convotis.com\\\/es\\\/news\\\/obligacion-de-facturacion-electronica-en-alemania-en-2025-que-ha-cambiado-hasta-ahora\\\/#primaryimage\"},\"thumbnailUrl\":\"https:\\\/\\\/www.convotis.com\\\/es\\\/wp-content\\\/uploads\\\/sites\\\/3\\\/2025\\\/03\\\/E-Rechnungspflicht.png\",\"datePublished\":\"2025-03-25T15:15:17+00:00\",\"dateModified\":\"2025-08-25T14:17:28+00:00\",\"description\":\"Facturaci\u00f3n electr\u00f3nica 2025: Descubra qu\u00e9 formatos estructurados se requieren y por qu\u00e9 las empresas deben actuar ahora.\",\"inLanguage\":\"en-US\",\"potentialAction\":[{\"@type\":\"ReadAction\",\"target\":[\"https:\\\/\\\/www.convotis.com\\\/es\\\/news\\\/obligacion-de-facturacion-electronica-en-alemania-en-2025-que-ha-cambiado-hasta-ahora\\\/\"]}]},{\"@type\":\"ImageObject\",\"inLanguage\":\"en-US\",\"@id\":\"https:\\\/\\\/www.convotis.com\\\/es\\\/news\\\/obligacion-de-facturacion-electronica-en-alemania-en-2025-que-ha-cambiado-hasta-ahora\\\/#primaryimage\",\"url\":\"https:\\\/\\\/www.convotis.com\\\/es\\\/wp-content\\\/uploads\\\/sites\\\/3\\\/2025\\\/03\\\/E-Rechnungspflicht.png\",\"contentUrl\":\"https:\\\/\\\/www.convotis.com\\\/es\\\/wp-content\\\/uploads\\\/sites\\\/3\\\/2025\\\/03\\\/E-Rechnungspflicht.png\",\"width\":1090,\"height\":670},{\"@type\":\"WebSite\",\"@id\":\"https:\\\/\\\/www.convotis.com\\\/es\\\/#website\",\"url\":\"https:\\\/\\\/www.convotis.com\\\/es\\\/\",\"name\":\"CONVOTIS\",\"description\":\"For Europe&#039;s digital future.\",\"publisher\":{\"@id\":\"https:\\\/\\\/www.convotis.com\\\/es\\\/#organization\"},\"potentialAction\":[{\"@type\":\"SearchAction\",\"target\":{\"@type\":\"EntryPoint\",\"urlTemplate\":\"https:\\\/\\\/www.convotis.com\\\/es\\\/?s={search_term_string}\"},\"query-input\":{\"@type\":\"PropertyValueSpecification\",\"valueRequired\":true,\"valueName\":\"search_term_string\"}}],\"inLanguage\":\"en-US\"},{\"@type\":\"Organization\",\"@id\":\"https:\\\/\\\/www.convotis.com\\\/es\\\/#organization\",\"name\":\"CONVOTIS\",\"url\":\"https:\\\/\\\/www.convotis.com\\\/es\\\/\",\"logo\":{\"@type\":\"ImageObject\",\"inLanguage\":\"en-US\",\"@id\":\"https:\\\/\\\/www.convotis.com\\\/es\\\/#\\\/schema\\\/logo\\\/image\\\/\",\"url\":\"https:\\\/\\\/www.convotis.com\\\/es\\\/wp-content\\\/uploads\\\/sites\\\/3\\\/2025\\\/08\\\/Convotis_blue_cmyk300dpi-scaled.png\",\"contentUrl\":\"https:\\\/\\\/www.convotis.com\\\/es\\\/wp-content\\\/uploads\\\/sites\\\/3\\\/2025\\\/08\\\/Convotis_blue_cmyk300dpi-scaled.png\",\"width\":2560,\"height\":411,\"caption\":\"CONVOTIS\"},\"image\":{\"@id\":\"https:\\\/\\\/www.convotis.com\\\/es\\\/#\\\/schema\\\/logo\\\/image\\\/\"},\"sameAs\":[\"https:\\\/\\\/www.linkedin.com\\\/company\\\/convotis-gmbh\\\/\"]},{\"@type\":\"Person\",\"@id\":\"https:\\\/\\\/www.convotis.com\\\/es\\\/#\\\/schema\\\/person\\\/43069367f8f43b4689f544f0d1e798af\",\"name\":\"elianamoldovanska\",\"image\":{\"@type\":\"ImageObject\",\"inLanguage\":\"en-US\",\"@id\":\"https:\\\/\\\/secure.gravatar.com\\\/avatar\\\/dcc0c0bd213565a66bfb488266616c3e473f54a3fdd5c34226d23758988c7924?s=96&d=mm&r=g\",\"url\":\"https:\\\/\\\/secure.gravatar.com\\\/avatar\\\/dcc0c0bd213565a66bfb488266616c3e473f54a3fdd5c34226d23758988c7924?s=96&d=mm&r=g\",\"contentUrl\":\"https:\\\/\\\/secure.gravatar.com\\\/avatar\\\/dcc0c0bd213565a66bfb488266616c3e473f54a3fdd5c34226d23758988c7924?s=96&d=mm&r=g\",\"caption\":\"elianamoldovanska\"},\"sameAs\":[\"https:\\\/\\\/www.convotis.com\\\/\"]}]}<\/script>\n<!-- \/ Yoast SEO Premium plugin. -->","yoast_head_json":{"title":"Facturaci\u00f3n electr\u00f3nica 2025: requisitos legales","description":"Facturaci\u00f3n electr\u00f3nica 2025: Descubra qu\u00e9 formatos estructurados se requieren y por qu\u00e9 las empresas deben actuar ahora.","robots":{"index":"index","follow":"follow","max-snippet":"max-snippet:-1","max-image-preview":"max-image-preview:large","max-video-preview":"max-video-preview:-1"},"canonical":"https:\/\/www.convotis.com\/es\/news\/obligacion-de-facturacion-electronica-en-alemania-en-2025-que-ha-cambiado-hasta-ahora\/","og_locale":"en_US","og_type":"article","og_title":"Facturaci\u00f3n electr\u00f3nica 2025: requisitos legales","og_description":"Facturaci\u00f3n electr\u00f3nica 2025: Descubra qu\u00e9 formatos estructurados se requieren y por qu\u00e9 las empresas deben actuar ahora.","og_url":"https:\/\/www.convotis.com\/es\/news\/obligacion-de-facturacion-electronica-en-alemania-en-2025-que-ha-cambiado-hasta-ahora\/","og_site_name":"CONVOTIS Iberia","article_published_time":"2025-03-25T15:15:17+00:00","article_modified_time":"2025-08-25T14:17:28+00:00","og_image":[{"width":1090,"height":670,"url":"https:\/\/www.convotis.com\/es\/wp-content\/uploads\/sites\/3\/2025\/03\/E-Rechnungspflicht.png","type":"image\/png"}],"author":"elianamoldovanska","twitter_card":"summary_large_image","twitter_misc":{"Written by":"elianamoldovanska","Est. reading time":"4 minutes"},"schema":{"@context":"https:\/\/schema.org","@graph":[{"@type":"Article","@id":"https:\/\/www.convotis.com\/es\/news\/obligacion-de-facturacion-electronica-en-alemania-en-2025-que-ha-cambiado-hasta-ahora\/#article","isPartOf":{"@id":"https:\/\/www.convotis.com\/es\/news\/obligacion-de-facturacion-electronica-en-alemania-en-2025-que-ha-cambiado-hasta-ahora\/"},"author":{"name":"elianamoldovanska","@id":"https:\/\/www.convotis.com\/es\/#\/schema\/person\/43069367f8f43b4689f544f0d1e798af"},"headline":"Obligaci\u00f3n de facturaci\u00f3n electr\u00f3nica en Alemania en 2025: \u00bfqu\u00e9 ha cambiado hasta ahora?","datePublished":"2025-03-25T15:15:17+00:00","dateModified":"2025-08-25T14:17:28+00:00","mainEntityOfPage":{"@id":"https:\/\/www.convotis.com\/es\/news\/obligacion-de-facturacion-electronica-en-alemania-en-2025-que-ha-cambiado-hasta-ahora\/"},"wordCount":902,"publisher":{"@id":"https:\/\/www.convotis.com\/es\/#organization"},"image":{"@id":"https:\/\/www.convotis.com\/es\/news\/obligacion-de-facturacion-electronica-en-alemania-en-2025-que-ha-cambiado-hasta-ahora\/#primaryimage"},"thumbnailUrl":"https:\/\/www.convotis.com\/es\/wp-content\/uploads\/sites\/3\/2025\/03\/E-Rechnungspflicht.png","articleSection":["Digital Transformation"],"inLanguage":"en-US"},{"@type":"WebPage","@id":"https:\/\/www.convotis.com\/es\/news\/obligacion-de-facturacion-electronica-en-alemania-en-2025-que-ha-cambiado-hasta-ahora\/","url":"https:\/\/www.convotis.com\/es\/news\/obligacion-de-facturacion-electronica-en-alemania-en-2025-que-ha-cambiado-hasta-ahora\/","name":"Facturaci\u00f3n electr\u00f3nica 2025: requisitos legales","isPartOf":{"@id":"https:\/\/www.convotis.com\/es\/#website"},"primaryImageOfPage":{"@id":"https:\/\/www.convotis.com\/es\/news\/obligacion-de-facturacion-electronica-en-alemania-en-2025-que-ha-cambiado-hasta-ahora\/#primaryimage"},"image":{"@id":"https:\/\/www.convotis.com\/es\/news\/obligacion-de-facturacion-electronica-en-alemania-en-2025-que-ha-cambiado-hasta-ahora\/#primaryimage"},"thumbnailUrl":"https:\/\/www.convotis.com\/es\/wp-content\/uploads\/sites\/3\/2025\/03\/E-Rechnungspflicht.png","datePublished":"2025-03-25T15:15:17+00:00","dateModified":"2025-08-25T14:17:28+00:00","description":"Facturaci\u00f3n electr\u00f3nica 2025: Descubra qu\u00e9 formatos estructurados se requieren y por qu\u00e9 las empresas deben actuar ahora.","inLanguage":"en-US","potentialAction":[{"@type":"ReadAction","target":["https:\/\/www.convotis.com\/es\/news\/obligacion-de-facturacion-electronica-en-alemania-en-2025-que-ha-cambiado-hasta-ahora\/"]}]},{"@type":"ImageObject","inLanguage":"en-US","@id":"https:\/\/www.convotis.com\/es\/news\/obligacion-de-facturacion-electronica-en-alemania-en-2025-que-ha-cambiado-hasta-ahora\/#primaryimage","url":"https:\/\/www.convotis.com\/es\/wp-content\/uploads\/sites\/3\/2025\/03\/E-Rechnungspflicht.png","contentUrl":"https:\/\/www.convotis.com\/es\/wp-content\/uploads\/sites\/3\/2025\/03\/E-Rechnungspflicht.png","width":1090,"height":670},{"@type":"WebSite","@id":"https:\/\/www.convotis.com\/es\/#website","url":"https:\/\/www.convotis.com\/es\/","name":"CONVOTIS","description":"For Europe&#039;s digital future.","publisher":{"@id":"https:\/\/www.convotis.com\/es\/#organization"},"potentialAction":[{"@type":"SearchAction","target":{"@type":"EntryPoint","urlTemplate":"https:\/\/www.convotis.com\/es\/?s={search_term_string}"},"query-input":{"@type":"PropertyValueSpecification","valueRequired":true,"valueName":"search_term_string"}}],"inLanguage":"en-US"},{"@type":"Organization","@id":"https:\/\/www.convotis.com\/es\/#organization","name":"CONVOTIS","url":"https:\/\/www.convotis.com\/es\/","logo":{"@type":"ImageObject","inLanguage":"en-US","@id":"https:\/\/www.convotis.com\/es\/#\/schema\/logo\/image\/","url":"https:\/\/www.convotis.com\/es\/wp-content\/uploads\/sites\/3\/2025\/08\/Convotis_blue_cmyk300dpi-scaled.png","contentUrl":"https:\/\/www.convotis.com\/es\/wp-content\/uploads\/sites\/3\/2025\/08\/Convotis_blue_cmyk300dpi-scaled.png","width":2560,"height":411,"caption":"CONVOTIS"},"image":{"@id":"https:\/\/www.convotis.com\/es\/#\/schema\/logo\/image\/"},"sameAs":["https:\/\/www.linkedin.com\/company\/convotis-gmbh\/"]},{"@type":"Person","@id":"https:\/\/www.convotis.com\/es\/#\/schema\/person\/43069367f8f43b4689f544f0d1e798af","name":"elianamoldovanska","image":{"@type":"ImageObject","inLanguage":"en-US","@id":"https:\/\/secure.gravatar.com\/avatar\/dcc0c0bd213565a66bfb488266616c3e473f54a3fdd5c34226d23758988c7924?s=96&d=mm&r=g","url":"https:\/\/secure.gravatar.com\/avatar\/dcc0c0bd213565a66bfb488266616c3e473f54a3fdd5c34226d23758988c7924?s=96&d=mm&r=g","contentUrl":"https:\/\/secure.gravatar.com\/avatar\/dcc0c0bd213565a66bfb488266616c3e473f54a3fdd5c34226d23758988c7924?s=96&d=mm&r=g","caption":"elianamoldovanska"},"sameAs":["https:\/\/www.convotis.com\/"]}]}},"_links":{"self":[{"href":"https:\/\/www.convotis.com\/es\/wp-json\/wp\/v2\/posts\/47467","targetHints":{"allow":["GET"]}}],"collection":[{"href":"https:\/\/www.convotis.com\/es\/wp-json\/wp\/v2\/posts"}],"about":[{"href":"https:\/\/www.convotis.com\/es\/wp-json\/wp\/v2\/types\/post"}],"author":[{"embeddable":true,"href":"https:\/\/www.convotis.com\/es\/wp-json\/wp\/v2\/users\/7"}],"replies":[{"embeddable":true,"href":"https:\/\/www.convotis.com\/es\/wp-json\/wp\/v2\/comments?post=47467"}],"version-history":[{"count":1,"href":"https:\/\/www.convotis.com\/es\/wp-json\/wp\/v2\/posts\/47467\/revisions"}],"predecessor-version":[{"id":47468,"href":"https:\/\/www.convotis.com\/es\/wp-json\/wp\/v2\/posts\/47467\/revisions\/47468"}],"wp:featuredmedia":[{"embeddable":true,"href":"https:\/\/www.convotis.com\/es\/wp-json\/wp\/v2\/media\/28855"}],"wp:attachment":[{"href":"https:\/\/www.convotis.com\/es\/wp-json\/wp\/v2\/media?parent=47467"}],"wp:term":[{"taxonomy":"category","embeddable":true,"href":"https:\/\/www.convotis.com\/es\/wp-json\/wp\/v2\/categories?post=47467"},{"taxonomy":"post_tag","embeddable":true,"href":"https:\/\/www.convotis.com\/es\/wp-json\/wp\/v2\/tags?post=47467"}],"curies":[{"name":"wp","href":"https:\/\/api.w.org\/{rel}","templated":true}]}}