{"id":48638,"date":"2025-09-02T10:58:17","date_gmt":"2025-09-02T08:58:17","guid":{"rendered":"https:\/\/www.convotis.com\/es\/?p=48638"},"modified":"2025-09-02T09:54:57","modified_gmt":"2025-09-02T07:54:57","slug":"convotis-ceo-jose-lopez","status":"publish","type":"post","link":"https:\/\/www.convotis.com\/es\/news\/convotis-ceo-jose-lopez\/","title":{"rendered":"El Grupo CONVOTIS inicia una nueva etapa con liderazgo renovado \u2013 impulsando nuevas oportunidades en CONVOTIS Iberia"},"content":{"rendered":"<p><span data-contrast=\"auto\">El Grupo CONVOTIS reorganiza su direcci\u00f3n y sienta as\u00ed las bases para un mayor crecimiento internacional. Jos\u00e9 Lopez, hasta ahora COO del Grupo, CEO de CONVOTIS Suiza y Presidente del Consejo de Administraci\u00f3n de CONVOTIS Iberia, asume de manera inmediata el cargo de CEO del Grupo CONVOTIS. Toma el relevo de Andreas Kiefer, a quien agradecemos sinceramente su valiosa labor, su capacidad de liderazgo y su gran contribuci\u00f3n al desarrollo del Grupo CONVOTIS. <\/span><span data-contrast=\"auto\">Andreas Kiefer seguir\u00e1 vinculado a la organizaci\u00f3n y pasar\u00e1 a formar parte del Consejo Asesor del Grupo.<\/span><span data-ccp-props=\"{&quot;201341983&quot;:0,&quot;335559739&quot;:160,&quot;335559740&quot;:259}\">\u00a0<\/span><\/p>\n<p><span data-contrast=\"auto\">Con Jos\u00e9 Lopez como CEO, junto a Lars Heymeier (COO) y Christina Nagel (CFO), el Grupo conforma un s\u00f3lido equipo directivo que combina continuidad e impulso renovador. <\/span><span data-contrast=\"auto\">Asimismo, <\/span><span data-contrast=\"auto\">Henri Schmidt (HR &amp; Finance Industry Practice) y Emil Pall (Human Resources) se incorporan como Group Executives, colaborando estrechamente con la direcci\u00f3n general. Con su amplia experiencia y profundo conocimiento especializado, garantizan la continuidad, la evoluci\u00f3n y el futuro sostenible de nuestro grupo empresarial.<\/span><span data-ccp-props=\"{&quot;201341983&quot;:0,&quot;335559739&quot;:160,&quot;335559740&quot;:259}\">\u00a0<\/span><\/p>\n<p><span data-contrast=\"auto\">Para CONVOTIS Iberia, esta nueva etapa internacional se traduce en continuidad y confianza: la direcci\u00f3n operativa con Tina Gama y Javier Cantoral permanece sin cambios. Junto con Jos\u00e9 Lopez en su funci\u00f3n de Presidente del Consejo de Administraci\u00f3n de CONVOTIS Iberia, aseguran que clientes y socios sigan contando con estabilidad, conocimiento del mercado y una s\u00f3lida trayectoria.<\/span><span data-ccp-props=\"{&quot;201341983&quot;:0,&quot;335559739&quot;:160,&quot;335559740&quot;:259}\">\u00a0<\/span><\/p>\n<blockquote><p><i><span data-contrast=\"auto\">\u00abEs un gran honor asumir la responsabilidad como CEO del Grupo CONVOTIS. Junto a un equipo fuerte seguiremos ampliando la presencia internacional del Grupo, impulsando la innovaci\u00f3n y consolidando nuestra posici\u00f3n como socio de confianza en la transformaci\u00f3n digital. Nuestros clientes est\u00e1n en el centro de todo lo que hacemos, al igual que el desarrollo de nuestros empleados, cuyo compromiso impulsa cada d\u00eda el \u00e9xito de CONVOTIS.\u00bb \u2014 afirma Jos\u00e9 Lopez, CEO del Grupo CONVOTIS<\/span><\/i><span data-ccp-props=\"{&quot;201341983&quot;:0,&quot;335559739&quot;:160,&quot;335559740&quot;:259}\">\u00a0<\/span><\/p><\/blockquote>\n","protected":false},"excerpt":{"rendered":"<p>El Grupo CONVOTIS reorganiza su direcci\u00f3n y sienta as\u00ed las bases para un mayor crecimiento internacional. Jos\u00e9 Lopez, hasta ahora COO del Grupo, CEO de CONVOTIS Suiza y Presidente del Consejo de Administraci\u00f3n de CONVOTIS Iberia, asume de manera inmediata el cargo de CEO del Grupo CONVOTIS. Toma el relevo de Andreas Kiefer, a quien [&hellip;]<\/p>\n","protected":false},"author":7,"featured_media":48639,"comment_status":"open","ping_status":"open","sticky":false,"template":"","format":"standard","meta":{"_acf_changed":false,"content-type":"","footnotes":""},"categories":[982],"tags":[],"class_list":["post-48638","post","type-post","status-publish","format-standard","has-post-thumbnail","hentry","category-about-convotis-es"],"acf":[],"yoast_head":"<!-- This site is optimized with the Yoast SEO Premium plugin v27.4 (Yoast SEO v27.4) - https:\/\/yoast.com\/product\/yoast-seo-premium-wordpress\/ -->\n<title>Grupo CONVOTIS: Jos\u00e9 Lopez nuevo CEO<\/title>\n<meta name=\"description\" content=\"Jos\u00e9 Lopez asume como CEO del Grupo CONVOTIS. Nuevo equipo directivo impulsa el crecimiento internacional y la innovaci\u00f3n.\" \/>\n<meta name=\"robots\" content=\"index, follow, max-snippet:-1, max-image-preview:large, max-video-preview:-1\" \/>\n<link rel=\"canonical\" href=\"https:\/\/www.convotis.com\/es\/news\/convotis-ceo-jose-lopez\/\" \/>\n<meta property=\"og:locale\" content=\"en_US\" \/>\n<meta property=\"og:type\" content=\"article\" \/>\n<meta property=\"og:title\" content=\"Grupo CONVOTIS: Jos\u00e9 Lopez nuevo CEO\" \/>\n<meta property=\"og:description\" content=\"Jos\u00e9 Lopez asume como CEO del Grupo CONVOTIS. Nuevo equipo directivo impulsa el crecimiento internacional y la innovaci\u00f3n.\" \/>\n<meta property=\"og:url\" content=\"https:\/\/www.convotis.com\/es\/news\/convotis-ceo-jose-lopez\/\" \/>\n<meta property=\"og:site_name\" content=\"CONVOTIS Iberia\" \/>\n<meta property=\"article:published_time\" content=\"2025-09-02T08:58:17+00:00\" \/>\n<meta property=\"og:image\" content=\"https:\/\/www.convotis.com\/es\/wp-content\/uploads\/sites\/3\/2025\/09\/CV-Group-Iberia.png\" \/>\n\t<meta property=\"og:image:width\" content=\"1024\" \/>\n\t<meta property=\"og:image:height\" content=\"576\" \/>\n\t<meta property=\"og:image:type\" content=\"image\/png\" \/>\n<meta name=\"author\" content=\"elianamoldovanska\" \/>\n<meta name=\"twitter:card\" content=\"summary_large_image\" \/>\n<meta name=\"twitter:label1\" content=\"Written by\" \/>\n\t<meta name=\"twitter:data1\" content=\"elianamoldovanska\" \/>\n\t<meta name=\"twitter:label2\" content=\"Est. reading time\" \/>\n\t<meta name=\"twitter:data2\" content=\"2 minutes\" \/>\n<script type=\"application\/ld+json\" class=\"yoast-schema-graph\">{\"@context\":\"https:\\\/\\\/schema.org\",\"@graph\":[{\"@type\":\"Article\",\"@id\":\"https:\\\/\\\/www.convotis.com\\\/es\\\/news\\\/convotis-ceo-jose-lopez\\\/#article\",\"isPartOf\":{\"@id\":\"https:\\\/\\\/www.convotis.com\\\/es\\\/news\\\/convotis-ceo-jose-lopez\\\/\"},\"author\":{\"name\":\"elianamoldovanska\",\"@id\":\"https:\\\/\\\/www.convotis.com\\\/es\\\/#\\\/schema\\\/person\\\/43069367f8f43b4689f544f0d1e798af\"},\"headline\":\"El Grupo CONVOTIS inicia una nueva etapa con liderazgo renovado \u2013 impulsando nuevas oportunidades en CONVOTIS Iberia\",\"datePublished\":\"2025-09-02T08:58:17+00:00\",\"mainEntityOfPage\":{\"@id\":\"https:\\\/\\\/www.convotis.com\\\/es\\\/news\\\/convotis-ceo-jose-lopez\\\/\"},\"wordCount\":325,\"commentCount\":0,\"publisher\":{\"@id\":\"https:\\\/\\\/www.convotis.com\\\/es\\\/#organization\"},\"image\":{\"@id\":\"https:\\\/\\\/www.convotis.com\\\/es\\\/news\\\/convotis-ceo-jose-lopez\\\/#primaryimage\"},\"thumbnailUrl\":\"https:\\\/\\\/www.convotis.com\\\/es\\\/wp-content\\\/uploads\\\/sites\\\/3\\\/2025\\\/09\\\/CV-Group-Iberia.png\",\"articleSection\":[\"About CONVOTIS\"],\"inLanguage\":\"en-US\"},{\"@type\":\"WebPage\",\"@id\":\"https:\\\/\\\/www.convotis.com\\\/es\\\/news\\\/convotis-ceo-jose-lopez\\\/\",\"url\":\"https:\\\/\\\/www.convotis.com\\\/es\\\/news\\\/convotis-ceo-jose-lopez\\\/\",\"name\":\"Grupo CONVOTIS: Jos\u00e9 Lopez nuevo CEO\",\"isPartOf\":{\"@id\":\"https:\\\/\\\/www.convotis.com\\\/es\\\/#website\"},\"primaryImageOfPage\":{\"@id\":\"https:\\\/\\\/www.convotis.com\\\/es\\\/news\\\/convotis-ceo-jose-lopez\\\/#primaryimage\"},\"image\":{\"@id\":\"https:\\\/\\\/www.convotis.com\\\/es\\\/news\\\/convotis-ceo-jose-lopez\\\/#primaryimage\"},\"thumbnailUrl\":\"https:\\\/\\\/www.convotis.com\\\/es\\\/wp-content\\\/uploads\\\/sites\\\/3\\\/2025\\\/09\\\/CV-Group-Iberia.png\",\"datePublished\":\"2025-09-02T08:58:17+00:00\",\"description\":\"Jos\u00e9 Lopez asume como CEO del Grupo CONVOTIS. Nuevo equipo directivo impulsa el crecimiento internacional y la innovaci\u00f3n.\",\"inLanguage\":\"en-US\",\"potentialAction\":[{\"@type\":\"ReadAction\",\"target\":[\"https:\\\/\\\/www.convotis.com\\\/es\\\/news\\\/convotis-ceo-jose-lopez\\\/\"]}]},{\"@type\":\"ImageObject\",\"inLanguage\":\"en-US\",\"@id\":\"https:\\\/\\\/www.convotis.com\\\/es\\\/news\\\/convotis-ceo-jose-lopez\\\/#primaryimage\",\"url\":\"https:\\\/\\\/www.convotis.com\\\/es\\\/wp-content\\\/uploads\\\/sites\\\/3\\\/2025\\\/09\\\/CV-Group-Iberia.png\",\"contentUrl\":\"https:\\\/\\\/www.convotis.com\\\/es\\\/wp-content\\\/uploads\\\/sites\\\/3\\\/2025\\\/09\\\/CV-Group-Iberia.png\",\"width\":1090,\"height\":670,\"caption\":\"Jos\u00e9 Lopez (CEO), Lars Heymeier (COO) y Christina Nagel (CFO) \u2013 el nuevo equipo directivo del Grupo CONVOTIS.\"},{\"@type\":\"WebSite\",\"@id\":\"https:\\\/\\\/www.convotis.com\\\/es\\\/#website\",\"url\":\"https:\\\/\\\/www.convotis.com\\\/es\\\/\",\"name\":\"CONVOTIS\",\"description\":\"For Europe&#039;s digital future.\",\"publisher\":{\"@id\":\"https:\\\/\\\/www.convotis.com\\\/es\\\/#organization\"},\"potentialAction\":[{\"@type\":\"SearchAction\",\"target\":{\"@type\":\"EntryPoint\",\"urlTemplate\":\"https:\\\/\\\/www.convotis.com\\\/es\\\/?s={search_term_string}\"},\"query-input\":{\"@type\":\"PropertyValueSpecification\",\"valueRequired\":true,\"valueName\":\"search_term_string\"}}],\"inLanguage\":\"en-US\"},{\"@type\":\"Organization\",\"@id\":\"https:\\\/\\\/www.convotis.com\\\/es\\\/#organization\",\"name\":\"CONVOTIS\",\"url\":\"https:\\\/\\\/www.convotis.com\\\/es\\\/\",\"logo\":{\"@type\":\"ImageObject\",\"inLanguage\":\"en-US\",\"@id\":\"https:\\\/\\\/www.convotis.com\\\/es\\\/#\\\/schema\\\/logo\\\/image\\\/\",\"url\":\"https:\\\/\\\/www.convotis.com\\\/es\\\/wp-content\\\/uploads\\\/sites\\\/3\\\/2025\\\/08\\\/Convotis_blue_cmyk300dpi-scaled.png\",\"contentUrl\":\"https:\\\/\\\/www.convotis.com\\\/es\\\/wp-content\\\/uploads\\\/sites\\\/3\\\/2025\\\/08\\\/Convotis_blue_cmyk300dpi-scaled.png\",\"width\":2560,\"height\":411,\"caption\":\"CONVOTIS\"},\"image\":{\"@id\":\"https:\\\/\\\/www.convotis.com\\\/es\\\/#\\\/schema\\\/logo\\\/image\\\/\"},\"sameAs\":[\"https:\\\/\\\/www.linkedin.com\\\/company\\\/convotis-gmbh\\\/\"]},{\"@type\":\"Person\",\"@id\":\"https:\\\/\\\/www.convotis.com\\\/es\\\/#\\\/schema\\\/person\\\/43069367f8f43b4689f544f0d1e798af\",\"name\":\"elianamoldovanska\",\"image\":{\"@type\":\"ImageObject\",\"inLanguage\":\"en-US\",\"@id\":\"https:\\\/\\\/secure.gravatar.com\\\/avatar\\\/dcc0c0bd213565a66bfb488266616c3e473f54a3fdd5c34226d23758988c7924?s=96&d=mm&r=g\",\"url\":\"https:\\\/\\\/secure.gravatar.com\\\/avatar\\\/dcc0c0bd213565a66bfb488266616c3e473f54a3fdd5c34226d23758988c7924?s=96&d=mm&r=g\",\"contentUrl\":\"https:\\\/\\\/secure.gravatar.com\\\/avatar\\\/dcc0c0bd213565a66bfb488266616c3e473f54a3fdd5c34226d23758988c7924?s=96&d=mm&r=g\",\"caption\":\"elianamoldovanska\"},\"sameAs\":[\"https:\\\/\\\/www.convotis.com\\\/\"]}]}<\/script>\n<!-- \/ Yoast SEO Premium plugin. -->","yoast_head_json":{"title":"Grupo CONVOTIS: Jos\u00e9 Lopez nuevo CEO","description":"Jos\u00e9 Lopez asume como CEO del Grupo CONVOTIS. Nuevo equipo directivo impulsa el crecimiento internacional y la innovaci\u00f3n.","robots":{"index":"index","follow":"follow","max-snippet":"max-snippet:-1","max-image-preview":"max-image-preview:large","max-video-preview":"max-video-preview:-1"},"canonical":"https:\/\/www.convotis.com\/es\/news\/convotis-ceo-jose-lopez\/","og_locale":"en_US","og_type":"article","og_title":"Grupo CONVOTIS: Jos\u00e9 Lopez nuevo CEO","og_description":"Jos\u00e9 Lopez asume como CEO del Grupo CONVOTIS. Nuevo equipo directivo impulsa el crecimiento internacional y la innovaci\u00f3n.","og_url":"https:\/\/www.convotis.com\/es\/news\/convotis-ceo-jose-lopez\/","og_site_name":"CONVOTIS Iberia","article_published_time":"2025-09-02T08:58:17+00:00","og_image":[{"width":1024,"height":576,"url":"https:\/\/www.convotis.com\/es\/wp-content\/uploads\/sites\/3\/2025\/09\/CV-Group-Iberia.png","type":"image\/png"}],"author":"elianamoldovanska","twitter_card":"summary_large_image","twitter_misc":{"Written by":"elianamoldovanska","Est. reading time":"2 minutes"},"schema":{"@context":"https:\/\/schema.org","@graph":[{"@type":"Article","@id":"https:\/\/www.convotis.com\/es\/news\/convotis-ceo-jose-lopez\/#article","isPartOf":{"@id":"https:\/\/www.convotis.com\/es\/news\/convotis-ceo-jose-lopez\/"},"author":{"name":"elianamoldovanska","@id":"https:\/\/www.convotis.com\/es\/#\/schema\/person\/43069367f8f43b4689f544f0d1e798af"},"headline":"El Grupo CONVOTIS inicia una nueva etapa con liderazgo renovado \u2013 impulsando nuevas oportunidades en CONVOTIS Iberia","datePublished":"2025-09-02T08:58:17+00:00","mainEntityOfPage":{"@id":"https:\/\/www.convotis.com\/es\/news\/convotis-ceo-jose-lopez\/"},"wordCount":325,"commentCount":0,"publisher":{"@id":"https:\/\/www.convotis.com\/es\/#organization"},"image":{"@id":"https:\/\/www.convotis.com\/es\/news\/convotis-ceo-jose-lopez\/#primaryimage"},"thumbnailUrl":"https:\/\/www.convotis.com\/es\/wp-content\/uploads\/sites\/3\/2025\/09\/CV-Group-Iberia.png","articleSection":["About CONVOTIS"],"inLanguage":"en-US"},{"@type":"WebPage","@id":"https:\/\/www.convotis.com\/es\/news\/convotis-ceo-jose-lopez\/","url":"https:\/\/www.convotis.com\/es\/news\/convotis-ceo-jose-lopez\/","name":"Grupo CONVOTIS: Jos\u00e9 Lopez nuevo CEO","isPartOf":{"@id":"https:\/\/www.convotis.com\/es\/#website"},"primaryImageOfPage":{"@id":"https:\/\/www.convotis.com\/es\/news\/convotis-ceo-jose-lopez\/#primaryimage"},"image":{"@id":"https:\/\/www.convotis.com\/es\/news\/convotis-ceo-jose-lopez\/#primaryimage"},"thumbnailUrl":"https:\/\/www.convotis.com\/es\/wp-content\/uploads\/sites\/3\/2025\/09\/CV-Group-Iberia.png","datePublished":"2025-09-02T08:58:17+00:00","description":"Jos\u00e9 Lopez asume como CEO del Grupo CONVOTIS. Nuevo equipo directivo impulsa el crecimiento internacional y la innovaci\u00f3n.","inLanguage":"en-US","potentialAction":[{"@type":"ReadAction","target":["https:\/\/www.convotis.com\/es\/news\/convotis-ceo-jose-lopez\/"]}]},{"@type":"ImageObject","inLanguage":"en-US","@id":"https:\/\/www.convotis.com\/es\/news\/convotis-ceo-jose-lopez\/#primaryimage","url":"https:\/\/www.convotis.com\/es\/wp-content\/uploads\/sites\/3\/2025\/09\/CV-Group-Iberia.png","contentUrl":"https:\/\/www.convotis.com\/es\/wp-content\/uploads\/sites\/3\/2025\/09\/CV-Group-Iberia.png","width":1090,"height":670,"caption":"Jos\u00e9 Lopez (CEO), Lars Heymeier (COO) y Christina Nagel (CFO) \u2013 el nuevo equipo directivo del Grupo CONVOTIS."},{"@type":"WebSite","@id":"https:\/\/www.convotis.com\/es\/#website","url":"https:\/\/www.convotis.com\/es\/","name":"CONVOTIS","description":"For Europe&#039;s digital future.","publisher":{"@id":"https:\/\/www.convotis.com\/es\/#organization"},"potentialAction":[{"@type":"SearchAction","target":{"@type":"EntryPoint","urlTemplate":"https:\/\/www.convotis.com\/es\/?s={search_term_string}"},"query-input":{"@type":"PropertyValueSpecification","valueRequired":true,"valueName":"search_term_string"}}],"inLanguage":"en-US"},{"@type":"Organization","@id":"https:\/\/www.convotis.com\/es\/#organization","name":"CONVOTIS","url":"https:\/\/www.convotis.com\/es\/","logo":{"@type":"ImageObject","inLanguage":"en-US","@id":"https:\/\/www.convotis.com\/es\/#\/schema\/logo\/image\/","url":"https:\/\/www.convotis.com\/es\/wp-content\/uploads\/sites\/3\/2025\/08\/Convotis_blue_cmyk300dpi-scaled.png","contentUrl":"https:\/\/www.convotis.com\/es\/wp-content\/uploads\/sites\/3\/2025\/08\/Convotis_blue_cmyk300dpi-scaled.png","width":2560,"height":411,"caption":"CONVOTIS"},"image":{"@id":"https:\/\/www.convotis.com\/es\/#\/schema\/logo\/image\/"},"sameAs":["https:\/\/www.linkedin.com\/company\/convotis-gmbh\/"]},{"@type":"Person","@id":"https:\/\/www.convotis.com\/es\/#\/schema\/person\/43069367f8f43b4689f544f0d1e798af","name":"elianamoldovanska","image":{"@type":"ImageObject","inLanguage":"en-US","@id":"https:\/\/secure.gravatar.com\/avatar\/dcc0c0bd213565a66bfb488266616c3e473f54a3fdd5c34226d23758988c7924?s=96&d=mm&r=g","url":"https:\/\/secure.gravatar.com\/avatar\/dcc0c0bd213565a66bfb488266616c3e473f54a3fdd5c34226d23758988c7924?s=96&d=mm&r=g","contentUrl":"https:\/\/secure.gravatar.com\/avatar\/dcc0c0bd213565a66bfb488266616c3e473f54a3fdd5c34226d23758988c7924?s=96&d=mm&r=g","caption":"elianamoldovanska"},"sameAs":["https:\/\/www.convotis.com\/"]}]}},"_links":{"self":[{"href":"https:\/\/www.convotis.com\/es\/wp-json\/wp\/v2\/posts\/48638","targetHints":{"allow":["GET"]}}],"collection":[{"href":"https:\/\/www.convotis.com\/es\/wp-json\/wp\/v2\/posts"}],"about":[{"href":"https:\/\/www.convotis.com\/es\/wp-json\/wp\/v2\/types\/post"}],"author":[{"embeddable":true,"href":"https:\/\/www.convotis.com\/es\/wp-json\/wp\/v2\/users\/7"}],"replies":[{"embeddable":true,"href":"https:\/\/www.convotis.com\/es\/wp-json\/wp\/v2\/comments?post=48638"}],"version-history":[{"count":2,"href":"https:\/\/www.convotis.com\/es\/wp-json\/wp\/v2\/posts\/48638\/revisions"}],"predecessor-version":[{"id":48641,"href":"https:\/\/www.convotis.com\/es\/wp-json\/wp\/v2\/posts\/48638\/revisions\/48641"}],"wp:featuredmedia":[{"embeddable":true,"href":"https:\/\/www.convotis.com\/es\/wp-json\/wp\/v2\/media\/48639"}],"wp:attachment":[{"href":"https:\/\/www.convotis.com\/es\/wp-json\/wp\/v2\/media?parent=48638"}],"wp:term":[{"taxonomy":"category","embeddable":true,"href":"https:\/\/www.convotis.com\/es\/wp-json\/wp\/v2\/categories?post=48638"},{"taxonomy":"post_tag","embeddable":true,"href":"https:\/\/www.convotis.com\/es\/wp-json\/wp\/v2\/tags?post=48638"}],"curies":[{"name":"wp","href":"https:\/\/api.w.org\/{rel}","templated":true}]}}